{"id":14046,"date":"2025-03-17T14:27:58","date_gmt":"2025-03-17T13:27:58","guid":{"rendered":"https:\/\/www.fwamstetten.ac.at\/cms\/?p=14046"},"modified":"2025-10-30T13:54:49","modified_gmt":"2025-10-30T12:54:49","slug":"workshop-verein-wohnen","status":"publish","type":"post","link":"https:\/\/www.fwamstetten.ac.at\/pwa\/workshop-verein-wohnen\/","title":{"rendered":"Workshop Verein Wohnen"},"content":{"rendered":"<div class=\"vgblk-rw-wrapper limit-wrapper\">[et_pb_section fb_built=&#8220;1&#8243; _builder_version=&#8220;3.25.1&#8243; custom_padding=&#8220;0px||0px|||&#8220; global_colors_info=&#8220;{}&#8220;][et_pb_row _builder_version=&#8220;3.25.1&#8243; custom_padding=&#8220;6px|||||&#8220; global_colors_info=&#8220;{}&#8220;][et_pb_column type=&#8220;4_4&#8243; _builder_version=&#8220;3.25.1&#8243; global_colors_info=&#8220;{}&#8220;][et_pb_text _builder_version=&#8220;4.10.8&#8243; text_font=&#8220;|700|||||||&#8220; text_text_color=&#8220;#fcbf11&#8243; text_font_size=&#8220;22px&#8220; header_font=&#8220;Montserrat|700|||||||&#8220; header_text_color=&#8220;#fcd21d&#8220; hover_enabled=&#8220;0&#8243; border_width_bottom=&#8220;1px&#8220; border_color_bottom=&#8220;#fcd21d&#8220; global_colors_info=&#8220;{}&#8220; sticky_enabled=&#8220;0&#8243;]<\/p>\n<p>Workshop Verein Wohnen<\/p>\n<p>[\/et_pb_text][\/et_pb_column][\/et_pb_row][\/et_pb_section][et_pb_section fb_built=&quot;1&quot; _builder_version=&quot;3.24.1&quot; custom_margin=&quot;|||&quot; custom_padding=&quot;7px||3px|||&quot; global_colors_info=&quot;{}&quot;][et_pb_row column_structure=&quot;1_2,1_2&quot; _builder_version=&quot;3.25.1&quot; custom_padding=&quot;2px||7px|||&quot; global_colors_info=&quot;{}&quot;][et_pb_column type=&quot;1_2&quot; _builder_version=&quot;3.25&quot; custom_padding=&quot;|||&quot; global_colors_info=&quot;{}&quot; custom_padding__hover=&quot;|||&quot;][et_pb_image src=&quot;https:\/\/www.fwamstetten.ac.at\/pwa\/wp-content\/uploads\/2025\/03\/Workshop_erste-eigene-Wohnung_3AFW_140325_2.jpg&quot; _builder_version=&quot;4.10.8&quot; _module_preset=&quot;default&quot; title_text=&quot;Workshop_erste eigene Wohnung_3AFW_140325_2&quot; hover_enabled=&quot;0&quot; sticky_enabled=&quot;0&quot;][\/et_pb_image][\/et_pb_column][et_pb_column type=&quot;1_2&quot; _builder_version=&quot;3.25.1&quot; global_colors_info=&quot;{}&quot;][et_pb_text _builder_version=&quot;4.10.8&quot; _module_preset=&quot;default&quot; hover_enabled=&quot;0&quot; sticky_enabled=&quot;0&quot;]<\/p>\n<p><strong>Workshop &#8222;Erste eigene Wohnung&#8220; vom Verein Wohnen in der 3AFW<\/strong><\/p>\n<p>Am 14. M\u00e4rz 2025 veranstaltete der Verein Wohnen einen informativen Workshop zum Thema &#8222;Erste eigene Wohnung&#8220; f\u00fcr die Sch\u00fcler:innen der 3AFW. Bettina Greimel und Melanie Kirchberger f\u00fchrten die Jugendlichen durch die verschiedenen Aspekte des Wohnungsfindungs-prozesses und gaben wertvolle Tipps und Ratschl\u00e4ge.<\/p>\n<p>Die Sch\u00fcler:innen lernten verschiedene Plattformen und Methoden kennen, um eine Wohnung zu suchen, und erhielten praktische Hinweise zur Kontaktaufnahme mit Vermietern und Maklern.<\/p>\n<p>Anschlie\u00dfend widmeten sich die Workshop-Leiterinnen den Kosten, die mit einem Umzug und der ersten eigenen Wohnung verbunden sind. Die Teilnehmer erfuhren, welche Ausgaben auf sie zukommen, von der Mietkaution \u00fcber die Umzugskosten bis hin zu den monatlichen Miet- und Nebenkosten. Durch anschauliche Beispiele konnten die Sch\u00fcler:innen ein realistisches Bild der finanziellen Anforderungen gewinnen.<\/p>\n<p>Ein weiterer wichtiger Bestandteil des Workshops war die Erstellung eines Budgetplans. Gemeinsam mit den Sch\u00fcler:innen erarbeiteten die Damen des Vereins einen detaillierten Plan, der alle Einnahmen und Ausgaben ber\u00fccksichtigt. Dies half den Teilnehmern, ihre finanzielle Situation besser zu verstehen und zu planen, um m\u00f6gliche finanzielle Engp\u00e4sse zu vermeiden.<\/p>\n<p>Der Workshop &#8222;Erste eigene Wohnung&#8220; war ein voller Erfolg und bot den Sch\u00fclern wertvolle Einblicke und praktische Hilfestellungen f\u00fcr ihren zuk\u00fcnftigen Weg in die Selbstst\u00e4ndigkeit.<\/p>\n<p>[\/et_pb_text][et_pb_text _builder_version=&#8220;4.10.8&#8243; _module_preset=&#8220;default&#8220; text_font=&#8220;|700|||||||&#8220; text_text_color=&#8220;#fcbf11&#8243; text_font_size=&#8220;18px&#8220; hover_enabled=&#8220;0&#8243; sticky_enabled=&#8220;0&#8243;]<\/p>\n<p>Dipl.-P\u00e4d. Petra G\u00e4rtner<\/p>\n<p>[\/et_pb_text][\/et_pb_column][\/et_pb_row][\/et_pb_section][et_pb_section fb_built=&#8220;1&#8243; _builder_version=&#8220;3.25.1&#8243; custom_padding=&#8220;0px||1px|||&#8220; global_colors_info=&#8220;{}&#8220;][et_pb_row _builder_version=&#8220;3.25.1&#8243; custom_padding=&#8220;||6px|||&#8220; global_colors_info=&#8220;{}&#8220;][et_pb_column type=&#8220;4_4&#8243; _builder_version=&#8220;3.25.1&#8243; global_colors_info=&#8220;{}&#8220;][et_pb_divider _builder_version=&#8220;3.25.1&#8243; global_colors_info=&#8220;{}&#8220;][\/et_pb_divider][\/et_pb_column][\/et_pb_row][\/et_pb_section]<\/p><\/div>\n<p><!-- .vgblk-rw-wrapper --><\/p>\n","protected":false},"excerpt":{"rendered":"<p>[et_pb_section fb_built=&#8220;1&#8243; _builder_version=&#8220;3.25.1&#8243; custom_padding=&#8220;0px||0px|||&#8220; global_colors_info=&#8220;{}&#8220;][et_pb_row _builder_version=&#8220;3.25.1&#8243; custom_padding=&#8220;6px|||||&#8220; global_colors_info=&#8220;{}&#8220;][et_pb_column type=&#8220;4_4&#8243; _builder_version=&#8220;3.25.1&#8243; global_colors_info=&#8220;{}&#8220;][et_pb_text _builder_version=&#8220;4.10.8&#8243; text_font=&#8220;|700|||||||&#8220; text_text_color=&#8220;#fcbf11&#8243; text_font_size=&#8220;22px&#8220; header_font=&#8220;Montserrat|700|||||||&#8220; header_text_color=&#8220;#fcd21d&#8220; hover_enabled=&#8220;0&#8243; border_width_bottom=&#8220;1px&#8220; border_color_bottom=&#8220;#fcd21d&#8220; global_colors_info=&#8220;{}&#8220; sticky_enabled=&#8220;0&#8243;] Workshop Verein Wohnen [\/et_pb_text][\/et_pb_column][\/et_pb_row][\/et_pb_section][et_pb_section fb_built=&quot;1&quot; _builder_version=&quot;3.24.1&quot; custom_margin=&quot;|||&quot; custom_padding=&quot;7px||3px|||&quot; global_colors_info=&quot;{}&quot;][et_pb_row column_structure=&quot;1_2,1_2&quot; _builder_version=&quot;3.25.1&quot; custom_padding=&quot;2px||7px|||&quot; global_colors_info=&quot;{}&quot;][et_pb_column type=&quot;1_2&quot; _builder_version=&quot;3.25&quot; custom_padding=&quot;|||&quot; global_colors_info=&quot;{}&quot; custom_padding__hover=&quot;|||&quot;][et_pb_image src=&quot;https:\/\/www.fwamstetten.ac.at\/pwa\/wp-content\/uploads\/2025\/03\/Workshop_erste-eigene-Wohnung_3AFW_140325_2.jpg&quot; _builder_version=&quot;4.10.8&quot; _module_preset=&quot;default&quot; title_text=&quot;Workshop_erste eigene Wohnung_3AFW_140325_2&quot; hover_enabled=&quot;0&quot; sticky_enabled=&quot;0&quot;][\/et_pb_image][\/et_pb_column][et_pb_column type=&quot;1_2&quot; _builder_version=&quot;3.25.1&quot; global_colors_info=&quot;{}&quot;][et_pb_text _builder_version=&quot;4.10.8&quot; _module_preset=&quot;default&quot; hover_enabled=&quot;0&quot; sticky_enabled=&quot;0&quot;]&#8230;<\/p>\n","protected":false},"author":4,"featured_media":0,"comment_status":"closed","ping_status":"closed","sticky":false,"template":"","format":"standard","meta":{"footnotes":""},"categories":[43],"tags":[],"class_list":["post-14046","post","type-post","status-publish","format-standard","hentry","category-aktuelles"],"yoast_head":"<!-- This site is optimized with the Yoast SEO plugin v26.9 - https:\/\/yoast.com\/product\/yoast-seo-wordpress\/ -->\n<title>Workshop Verein Wohnen - Wirtschaftsschulen Franziskaner Amstetten<\/title>\n<meta name=\"robots\" content=\"index, follow, max-snippet:-1, max-image-preview:large, max-video-preview:-1\" \/>\n<link rel=\"canonical\" href=\"https:\/\/www.fwamstetten.ac.at\/pwa\/workshop-verein-wohnen\/\" \/>\n<meta property=\"og:locale\" content=\"de_DE\" \/>\n<meta property=\"og:type\" content=\"article\" \/>\n<meta property=\"og:title\" content=\"Workshop Verein Wohnen - Wirtschaftsschulen Franziskaner Amstetten\" \/>\n<meta property=\"og:description\" content=\"[et_pb_section fb_built=&#8220;1&#8243; _builder_version=&#8220;3.25.1&#8243; custom_padding=&#8220;0px||0px|||&#8220; global_colors_info=&#8220;{}&#8220;][et_pb_row _builder_version=&#8220;3.25.1&#8243; custom_padding=&#8220;6px|||||&#8220; global_colors_info=&#8220;{}&#8220;][et_pb_column type=&#8220;4_4&#8243; _builder_version=&#8220;3.25.1&#8243; global_colors_info=&#8220;{}&#8220;][et_pb_text _builder_version=&#8220;4.10.8&#8243; text_font=&#8220;|700|||||||&#8220; text_text_color=&#8220;#fcbf11&#8243; text_font_size=&#8220;22px&#8220; header_font=&#8220;Montserrat|700|||||||&#8220; header_text_color=&#8220;#fcd21d&#8220; hover_enabled=&#8220;0&#8243; border_width_bottom=&#8220;1px&#8220; border_color_bottom=&#8220;#fcd21d&#8220; global_colors_info=&#8220;{}&#8220; sticky_enabled=&#8220;0&#8243;] Workshop Verein Wohnen [\/et_pb_text][\/et_pb_column][\/et_pb_row][\/et_pb_section][et_pb_section fb_built=&quot;1&quot; _builder_version=&quot;3.24.1&quot; custom_margin=&quot;|||&quot; custom_padding=&quot;7px||3px|||&quot; global_colors_info=&quot;{}&quot;][et_pb_row column_structure=&quot;1_2,1_2&quot; _builder_version=&quot;3.25.1&quot; custom_padding=&quot;2px||7px|||&quot; global_colors_info=&quot;{}&quot;][et_pb_column type=&quot;1_2&quot; _builder_version=&quot;3.25&quot; custom_padding=&quot;|||&quot; global_colors_info=&quot;{}&quot; custom_padding__hover=&quot;|||&quot;][et_pb_image src=&quot;https:\/\/www.fwamstetten.ac.at\/pwa\/wp-content\/uploads\/2025\/03\/Workshop_erste-eigene-Wohnung_3AFW_140325_2.jpg&quot; _builder_version=&quot;4.10.8&quot; _module_preset=&quot;default&quot; title_text=&quot;Workshop_erste eigene Wohnung_3AFW_140325_2&quot; hover_enabled=&quot;0&quot; sticky_enabled=&quot;0&quot;][\/et_pb_image][\/et_pb_column][et_pb_column type=&quot;1_2&quot; _builder_version=&quot;3.25.1&quot; global_colors_info=&quot;{}&quot;][et_pb_text _builder_version=&quot;4.10.8&quot; _module_preset=&quot;default&quot; hover_enabled=&quot;0&quot; sticky_enabled=&quot;0&quot;]...\" \/>\n<meta property=\"og:url\" content=\"https:\/\/www.fwamstetten.ac.at\/pwa\/workshop-verein-wohnen\/\" \/>\n<meta property=\"og:site_name\" content=\"Wirtschaftsschulen Franziskaner Amstetten\" \/>\n<meta property=\"article:published_time\" content=\"2025-03-17T13:27:58+00:00\" \/>\n<meta property=\"article:modified_time\" content=\"2025-10-30T12:54:49+00:00\" \/>\n<meta name=\"author\" content=\"FWAmstetten\" \/>\n<meta name=\"twitter:card\" content=\"summary_large_image\" \/>\n<meta name=\"twitter:label1\" content=\"Verfasst von\" \/>\n\t<meta name=\"twitter:data1\" content=\"FWAmstetten\" \/>\n\t<meta name=\"twitter:label2\" content=\"Gesch\u00e4tzte Lesezeit\" \/>\n\t<meta name=\"twitter:data2\" content=\"3\u00a0Minuten\" \/>\n<script type=\"application\/ld+json\" class=\"yoast-schema-graph\">{\"@context\":\"https:\/\/schema.org\",\"@graph\":[{\"@type\":\"Article\",\"@id\":\"https:\/\/www.fwamstetten.ac.at\/pwa\/workshop-verein-wohnen\/#article\",\"isPartOf\":{\"@id\":\"https:\/\/www.fwamstetten.ac.at\/pwa\/workshop-verein-wohnen\/\"},\"author\":{\"name\":\"FWAmstetten\",\"@id\":\"https:\/\/www.fwamstetten.ac.at\/pwa\/#\/schema\/person\/bf3622c9ff08ba195a3c627fe58df3ce\"},\"headline\":\"Workshop Verein Wohnen\",\"datePublished\":\"2025-03-17T13:27:58+00:00\",\"dateModified\":\"2025-10-30T12:54:49+00:00\",\"mainEntityOfPage\":{\"@id\":\"https:\/\/www.fwamstetten.ac.at\/pwa\/workshop-verein-wohnen\/\"},\"wordCount\":563,\"publisher\":{\"@id\":\"https:\/\/www.fwamstetten.ac.at\/pwa\/#organization\"},\"articleSection\":[\"Aktuelles\"],\"inLanguage\":\"de\"},{\"@type\":\"WebPage\",\"@id\":\"https:\/\/www.fwamstetten.ac.at\/pwa\/workshop-verein-wohnen\/\",\"url\":\"https:\/\/www.fwamstetten.ac.at\/pwa\/workshop-verein-wohnen\/\",\"name\":\"Workshop Verein Wohnen - Wirtschaftsschulen Franziskaner Amstetten\",\"isPartOf\":{\"@id\":\"https:\/\/www.fwamstetten.ac.at\/pwa\/#website\"},\"datePublished\":\"2025-03-17T13:27:58+00:00\",\"dateModified\":\"2025-10-30T12:54:49+00:00\",\"breadcrumb\":{\"@id\":\"https:\/\/www.fwamstetten.ac.at\/pwa\/workshop-verein-wohnen\/#breadcrumb\"},\"inLanguage\":\"de\",\"potentialAction\":[{\"@type\":\"ReadAction\",\"target\":[\"https:\/\/www.fwamstetten.ac.at\/pwa\/workshop-verein-wohnen\/\"]}]},{\"@type\":\"BreadcrumbList\",\"@id\":\"https:\/\/www.fwamstetten.ac.at\/pwa\/workshop-verein-wohnen\/#breadcrumb\",\"itemListElement\":[{\"@type\":\"ListItem\",\"position\":1,\"name\":\"Home\",\"item\":\"https:\/\/www.fwamstetten.ac.at\/pwa\/\"},{\"@type\":\"ListItem\",\"position\":2,\"name\":\"Workshop Verein Wohnen\"}]},{\"@type\":\"WebSite\",\"@id\":\"https:\/\/www.fwamstetten.ac.at\/pwa\/#website\",\"url\":\"https:\/\/www.fwamstetten.ac.at\/pwa\/\",\"name\":\"Wirtschaftsschulen Franziskaner Amstetten\",\"description\":\"Wir schaffen Perspektiven\",\"publisher\":{\"@id\":\"https:\/\/www.fwamstetten.ac.at\/pwa\/#organization\"},\"potentialAction\":[{\"@type\":\"SearchAction\",\"target\":{\"@type\":\"EntryPoint\",\"urlTemplate\":\"https:\/\/www.fwamstetten.ac.at\/pwa\/?s={search_term_string}\"},\"query-input\":{\"@type\":\"PropertyValueSpecification\",\"valueRequired\":true,\"valueName\":\"search_term_string\"}}],\"inLanguage\":\"de\"},{\"@type\":\"Organization\",\"@id\":\"https:\/\/www.fwamstetten.ac.at\/pwa\/#organization\",\"name\":\"Wirtschaftsschulen Franziskaner Amstetten\",\"url\":\"https:\/\/www.fwamstetten.ac.at\/pwa\/\",\"logo\":{\"@type\":\"ImageObject\",\"inLanguage\":\"de\",\"@id\":\"https:\/\/www.fwamstetten.ac.at\/pwa\/#\/schema\/logo\/image\/\",\"url\":\"https:\/\/www.fwamstetten.ac.at\/pwa\/wp-content\/uploads\/2020\/02\/Logo_Private_Wirtschaftsschulen_Amstetten_Final.png\",\"contentUrl\":\"https:\/\/www.fwamstetten.ac.at\/pwa\/wp-content\/uploads\/2020\/02\/Logo_Private_Wirtschaftsschulen_Amstetten_Final.png\",\"width\":1342,\"height\":550,\"caption\":\"Wirtschaftsschulen Franziskaner Amstetten\"},\"image\":{\"@id\":\"https:\/\/www.fwamstetten.ac.at\/pwa\/#\/schema\/logo\/image\/\"}},{\"@type\":\"Person\",\"@id\":\"https:\/\/www.fwamstetten.ac.at\/pwa\/#\/schema\/person\/bf3622c9ff08ba195a3c627fe58df3ce\",\"name\":\"FWAmstetten\",\"image\":{\"@type\":\"ImageObject\",\"inLanguage\":\"de\",\"@id\":\"https:\/\/www.fwamstetten.ac.at\/pwa\/#\/schema\/person\/image\/\",\"url\":\"https:\/\/secure.gravatar.com\/avatar\/d0545f2cc12713e46d0f45099843f35330f39231ba7e2cedccf0748db4d24e69?s=96&d=mm&r=g\",\"contentUrl\":\"https:\/\/secure.gravatar.com\/avatar\/d0545f2cc12713e46d0f45099843f35330f39231ba7e2cedccf0748db4d24e69?s=96&d=mm&r=g\",\"caption\":\"FWAmstetten\"},\"url\":\"https:\/\/www.fwamstetten.ac.at\/pwa\/author\/fwamstetten\/\"}]}<\/script>\n<!-- \/ Yoast SEO plugin. -->","yoast_head_json":{"title":"Workshop Verein Wohnen - Wirtschaftsschulen Franziskaner Amstetten","robots":{"index":"index","follow":"follow","max-snippet":"max-snippet:-1","max-image-preview":"max-image-preview:large","max-video-preview":"max-video-preview:-1"},"canonical":"https:\/\/www.fwamstetten.ac.at\/pwa\/workshop-verein-wohnen\/","og_locale":"de_DE","og_type":"article","og_title":"Workshop Verein Wohnen - Wirtschaftsschulen Franziskaner Amstetten","og_description":"[et_pb_section fb_built=&#8220;1&#8243; _builder_version=&#8220;3.25.1&#8243; custom_padding=&#8220;0px||0px|||&#8220; global_colors_info=&#8220;{}&#8220;][et_pb_row _builder_version=&#8220;3.25.1&#8243; custom_padding=&#8220;6px|||||&#8220; global_colors_info=&#8220;{}&#8220;][et_pb_column type=&#8220;4_4&#8243; _builder_version=&#8220;3.25.1&#8243; global_colors_info=&#8220;{}&#8220;][et_pb_text _builder_version=&#8220;4.10.8&#8243; text_font=&#8220;|700|||||||&#8220; text_text_color=&#8220;#fcbf11&#8243; text_font_size=&#8220;22px&#8220; header_font=&#8220;Montserrat|700|||||||&#8220; header_text_color=&#8220;#fcd21d&#8220; hover_enabled=&#8220;0&#8243; border_width_bottom=&#8220;1px&#8220; border_color_bottom=&#8220;#fcd21d&#8220; global_colors_info=&#8220;{}&#8220; sticky_enabled=&#8220;0&#8243;] Workshop Verein Wohnen [\/et_pb_text][\/et_pb_column][\/et_pb_row][\/et_pb_section][et_pb_section fb_built=&quot;1&quot; _builder_version=&quot;3.24.1&quot; custom_margin=&quot;|||&quot; custom_padding=&quot;7px||3px|||&quot; global_colors_info=&quot;{}&quot;][et_pb_row column_structure=&quot;1_2,1_2&quot; _builder_version=&quot;3.25.1&quot; custom_padding=&quot;2px||7px|||&quot; global_colors_info=&quot;{}&quot;][et_pb_column type=&quot;1_2&quot; _builder_version=&quot;3.25&quot; custom_padding=&quot;|||&quot; global_colors_info=&quot;{}&quot; custom_padding__hover=&quot;|||&quot;][et_pb_image src=&quot;https:\/\/www.fwamstetten.ac.at\/pwa\/wp-content\/uploads\/2025\/03\/Workshop_erste-eigene-Wohnung_3AFW_140325_2.jpg&quot; _builder_version=&quot;4.10.8&quot; _module_preset=&quot;default&quot; title_text=&quot;Workshop_erste eigene Wohnung_3AFW_140325_2&quot; hover_enabled=&quot;0&quot; sticky_enabled=&quot;0&quot;][\/et_pb_image][\/et_pb_column][et_pb_column type=&quot;1_2&quot; _builder_version=&quot;3.25.1&quot; global_colors_info=&quot;{}&quot;][et_pb_text _builder_version=&quot;4.10.8&quot; _module_preset=&quot;default&quot; hover_enabled=&quot;0&quot; sticky_enabled=&quot;0&quot;]...","og_url":"https:\/\/www.fwamstetten.ac.at\/pwa\/workshop-verein-wohnen\/","og_site_name":"Wirtschaftsschulen Franziskaner Amstetten","article_published_time":"2025-03-17T13:27:58+00:00","article_modified_time":"2025-10-30T12:54:49+00:00","author":"FWAmstetten","twitter_card":"summary_large_image","twitter_misc":{"Verfasst von":"FWAmstetten","Gesch\u00e4tzte Lesezeit":"3\u00a0Minuten"},"schema":{"@context":"https:\/\/schema.org","@graph":[{"@type":"Article","@id":"https:\/\/www.fwamstetten.ac.at\/pwa\/workshop-verein-wohnen\/#article","isPartOf":{"@id":"https:\/\/www.fwamstetten.ac.at\/pwa\/workshop-verein-wohnen\/"},"author":{"name":"FWAmstetten","@id":"https:\/\/www.fwamstetten.ac.at\/pwa\/#\/schema\/person\/bf3622c9ff08ba195a3c627fe58df3ce"},"headline":"Workshop Verein Wohnen","datePublished":"2025-03-17T13:27:58+00:00","dateModified":"2025-10-30T12:54:49+00:00","mainEntityOfPage":{"@id":"https:\/\/www.fwamstetten.ac.at\/pwa\/workshop-verein-wohnen\/"},"wordCount":563,"publisher":{"@id":"https:\/\/www.fwamstetten.ac.at\/pwa\/#organization"},"articleSection":["Aktuelles"],"inLanguage":"de"},{"@type":"WebPage","@id":"https:\/\/www.fwamstetten.ac.at\/pwa\/workshop-verein-wohnen\/","url":"https:\/\/www.fwamstetten.ac.at\/pwa\/workshop-verein-wohnen\/","name":"Workshop Verein Wohnen - Wirtschaftsschulen Franziskaner Amstetten","isPartOf":{"@id":"https:\/\/www.fwamstetten.ac.at\/pwa\/#website"},"datePublished":"2025-03-17T13:27:58+00:00","dateModified":"2025-10-30T12:54:49+00:00","breadcrumb":{"@id":"https:\/\/www.fwamstetten.ac.at\/pwa\/workshop-verein-wohnen\/#breadcrumb"},"inLanguage":"de","potentialAction":[{"@type":"ReadAction","target":["https:\/\/www.fwamstetten.ac.at\/pwa\/workshop-verein-wohnen\/"]}]},{"@type":"BreadcrumbList","@id":"https:\/\/www.fwamstetten.ac.at\/pwa\/workshop-verein-wohnen\/#breadcrumb","itemListElement":[{"@type":"ListItem","position":1,"name":"Home","item":"https:\/\/www.fwamstetten.ac.at\/pwa\/"},{"@type":"ListItem","position":2,"name":"Workshop Verein Wohnen"}]},{"@type":"WebSite","@id":"https:\/\/www.fwamstetten.ac.at\/pwa\/#website","url":"https:\/\/www.fwamstetten.ac.at\/pwa\/","name":"Wirtschaftsschulen Franziskaner Amstetten","description":"Wir schaffen Perspektiven","publisher":{"@id":"https:\/\/www.fwamstetten.ac.at\/pwa\/#organization"},"potentialAction":[{"@type":"SearchAction","target":{"@type":"EntryPoint","urlTemplate":"https:\/\/www.fwamstetten.ac.at\/pwa\/?s={search_term_string}"},"query-input":{"@type":"PropertyValueSpecification","valueRequired":true,"valueName":"search_term_string"}}],"inLanguage":"de"},{"@type":"Organization","@id":"https:\/\/www.fwamstetten.ac.at\/pwa\/#organization","name":"Wirtschaftsschulen Franziskaner Amstetten","url":"https:\/\/www.fwamstetten.ac.at\/pwa\/","logo":{"@type":"ImageObject","inLanguage":"de","@id":"https:\/\/www.fwamstetten.ac.at\/pwa\/#\/schema\/logo\/image\/","url":"https:\/\/www.fwamstetten.ac.at\/pwa\/wp-content\/uploads\/2020\/02\/Logo_Private_Wirtschaftsschulen_Amstetten_Final.png","contentUrl":"https:\/\/www.fwamstetten.ac.at\/pwa\/wp-content\/uploads\/2020\/02\/Logo_Private_Wirtschaftsschulen_Amstetten_Final.png","width":1342,"height":550,"caption":"Wirtschaftsschulen Franziskaner Amstetten"},"image":{"@id":"https:\/\/www.fwamstetten.ac.at\/pwa\/#\/schema\/logo\/image\/"}},{"@type":"Person","@id":"https:\/\/www.fwamstetten.ac.at\/pwa\/#\/schema\/person\/bf3622c9ff08ba195a3c627fe58df3ce","name":"FWAmstetten","image":{"@type":"ImageObject","inLanguage":"de","@id":"https:\/\/www.fwamstetten.ac.at\/pwa\/#\/schema\/person\/image\/","url":"https:\/\/secure.gravatar.com\/avatar\/d0545f2cc12713e46d0f45099843f35330f39231ba7e2cedccf0748db4d24e69?s=96&d=mm&r=g","contentUrl":"https:\/\/secure.gravatar.com\/avatar\/d0545f2cc12713e46d0f45099843f35330f39231ba7e2cedccf0748db4d24e69?s=96&d=mm&r=g","caption":"FWAmstetten"},"url":"https:\/\/www.fwamstetten.ac.at\/pwa\/author\/fwamstetten\/"}]}},"_links":{"self":[{"href":"https:\/\/www.fwamstetten.ac.at\/pwa\/wp-json\/wp\/v2\/posts\/14046","targetHints":{"allow":["GET"]}}],"collection":[{"href":"https:\/\/www.fwamstetten.ac.at\/pwa\/wp-json\/wp\/v2\/posts"}],"about":[{"href":"https:\/\/www.fwamstetten.ac.at\/pwa\/wp-json\/wp\/v2\/types\/post"}],"author":[{"embeddable":true,"href":"https:\/\/www.fwamstetten.ac.at\/pwa\/wp-json\/wp\/v2\/users\/4"}],"replies":[{"embeddable":true,"href":"https:\/\/www.fwamstetten.ac.at\/pwa\/wp-json\/wp\/v2\/comments?post=14046"}],"version-history":[{"count":1,"href":"https:\/\/www.fwamstetten.ac.at\/pwa\/wp-json\/wp\/v2\/posts\/14046\/revisions"}],"predecessor-version":[{"id":991942,"href":"https:\/\/www.fwamstetten.ac.at\/pwa\/wp-json\/wp\/v2\/posts\/14046\/revisions\/991942"}],"wp:attachment":[{"href":"https:\/\/www.fwamstetten.ac.at\/pwa\/wp-json\/wp\/v2\/media?parent=14046"}],"wp:term":[{"taxonomy":"category","embeddable":true,"href":"https:\/\/www.fwamstetten.ac.at\/pwa\/wp-json\/wp\/v2\/categories?post=14046"},{"taxonomy":"post_tag","embeddable":true,"href":"https:\/\/www.fwamstetten.ac.at\/pwa\/wp-json\/wp\/v2\/tags?post=14046"}],"curies":[{"name":"wp","href":"https:\/\/api.w.org\/{rel}","templated":true}]}}