{"id":14059,"date":"2025-03-20T16:44:16","date_gmt":"2025-03-20T15:44:16","guid":{"rendered":"https:\/\/www.fwamstetten.ac.at\/cms\/?p=14059"},"modified":"2025-10-30T13:54:07","modified_gmt":"2025-10-30T12:54:07","slug":"vortrag-allright","status":"publish","type":"post","link":"https:\/\/www.fwamstetten.ac.at\/pwa\/vortrag-allright\/","title":{"rendered":"Vortrag &#8222;ALLright&#8220;"},"content":{"rendered":"<div class=\"vgblk-rw-wrapper limit-wrapper\">[et_pb_section fb_built=&#8220;1&#8243; _builder_version=&#8220;3.25.1&#8243; custom_padding=&#8220;0px||0px|||&#8220; global_colors_info=&#8220;{}&#8220;][et_pb_row _builder_version=&#8220;3.25.1&#8243; custom_padding=&#8220;6px|||||&#8220; global_colors_info=&#8220;{}&#8220;][et_pb_column type=&#8220;4_4&#8243; _builder_version=&#8220;3.25.1&#8243; global_colors_info=&#8220;{}&#8220;][et_pb_text _builder_version=&#8220;4.10.8&#8243; text_font=&#8220;|700|||||||&#8220; text_text_color=&#8220;#fcbf11&#8243; text_font_size=&#8220;22px&#8220; header_font=&#8220;Montserrat|700|||||||&#8220; header_text_color=&#8220;#fcd21d&#8220; border_width_bottom=&#8220;1px&#8220; border_color_bottom=&#8220;#fcd21d&#8220; global_colors_info=&#8220;{}&#8220;]<\/p>\n<p>Behind the scenes<\/p>\n<p>[\/et_pb_text][\/et_pb_column][\/et_pb_row][\/et_pb_section][et_pb_section fb_built=&quot;1&quot; _builder_version=&quot;3.24.1&quot; custom_margin=&quot;|||&quot; custom_padding=&quot;7px||3px|||&quot; global_colors_info=&quot;{}&quot;][et_pb_row column_structure=&quot;1_2,1_2&quot; _builder_version=&quot;3.25.1&quot; custom_padding=&quot;2px||7px|||&quot; global_colors_info=&quot;{}&quot;][et_pb_column type=&quot;1_2&quot; _builder_version=&quot;3.25&quot; custom_padding=&quot;|||&quot; global_colors_info=&quot;{}&quot; custom_padding__hover=&quot;|||&quot;][et_pb_image src=&quot;https:\/\/www.fwamstetten.ac.at\/pwa\/wp-content\/uploads\/2025\/03\/Vortrag_ALLright_180325_EWF_2.jpg&quot; _builder_version=&quot;4.10.8&quot; _module_preset=&quot;default&quot; title_text=&quot;Vortrag_ALLright_180325_EWF_2&quot; hover_enabled=&quot;0&quot; sticky_enabled=&quot;0&quot;][\/et_pb_image][\/et_pb_column][et_pb_column type=&quot;1_2&quot; _builder_version=&quot;3.25.1&quot; global_colors_info=&quot;{}&quot;][et_pb_text _builder_version=&quot;4.10.8&quot; _module_preset=&quot;default&quot; global_colors_info=&quot;{}&quot;]<\/p>\n<p><span lang=\"DE\">Gruppeninspektor Reinhard M\u00fcller und Revierinspektor Wolfgang Fehringer hielten am 18. M\u00e4rz 2025 einen Vortrag in der Einj\u00e4hrigen Wirtschaftsfachschule \u00fcber die Notwendigkeit von Gesetzen und die Folgen ihrer Missachtung. Sie betonten die Bedeutung von Gesetzen f\u00fcr den sozialen Frieden und erl\u00e4uterten die Auswirkungen von Gesetzesverst\u00f6\u00dfen.<o:p><\/o:p><\/span><\/p>\n<p><span lang=\"DE\">Ein weiterer Schwerpunkt war die Unterscheidung der Altersgruppen im Strafrecht und die besonderen Regelungen f\u00fcr Kinder, Jugendliche und Erwachsene. Zudem erkl\u00e4rten sie die Unterschiede zwischen Strafrecht, Zivilrecht und Verwaltungsrecht.<o:p><\/o:p><\/span><\/p>\n<p><span lang=\"DE\">Der Vortrag wurde durch kurze Rollenspiele aufgelockert, bei denen die Teilnehmer:innen aktiv eingebunden wurden und die theoretischen Inhalte praktisch erlebbar gemacht wurden. Diese interaktiven Elemente sorgten f\u00fcr eine lebendige und praxisnahe Vermittlung der komplexen Themen.<o:p><\/o:p><\/span><\/p>\n<p style=\"margin: 0cm; background: #FAFAFA;\"><span lang=\"DE\">Der Vortrag der Kriminalpr\u00e4ventionsbeamten fand gro\u00dfen Anklang und bot den Jugendlichen wertvolle Einblicke in die Bedeutung und Anwendung der verschiedenen Rechtsgebiete.<\/span><\/p>\n<p>[\/et_pb_text][et_pb_text _builder_version=&#8220;4.10.8&#8243; _module_preset=&#8220;default&#8220; text_font=&#8220;|700|||||||&#8220; text_text_color=&#8220;#fcbf11&#8243; text_font_size=&#8220;18px&#8220; global_colors_info=&#8220;{}&#8220;]<\/p>\n<p>Dipl.-P\u00e4d. Petra G\u00e4rtner<\/p>\n<p>[\/et_pb_text][\/et_pb_column][\/et_pb_row][\/et_pb_section][et_pb_section fb_built=&#8220;1&#8243; _builder_version=&#8220;3.25.1&#8243; custom_padding=&#8220;0px||1px|||&#8220; global_colors_info=&#8220;{}&#8220;][et_pb_row _builder_version=&#8220;3.25.1&#8243; custom_padding=&#8220;||6px|||&#8220; global_colors_info=&#8220;{}&#8220;][et_pb_column type=&#8220;4_4&#8243; _builder_version=&#8220;3.25.1&#8243; global_colors_info=&#8220;{}&#8220;][et_pb_divider _builder_version=&#8220;3.25.1&#8243; global_colors_info=&#8220;{}&#8220;][\/et_pb_divider][\/et_pb_column][\/et_pb_row][\/et_pb_section]<\/p><\/div>\n<p><!-- .vgblk-rw-wrapper --><\/p>\n","protected":false},"excerpt":{"rendered":"<p>[et_pb_section fb_built=&#8220;1&#8243; _builder_version=&#8220;3.25.1&#8243; custom_padding=&#8220;0px||0px|||&#8220; global_colors_info=&#8220;{}&#8220;][et_pb_row _builder_version=&#8220;3.25.1&#8243; custom_padding=&#8220;6px|||||&#8220; global_colors_info=&#8220;{}&#8220;][et_pb_column type=&#8220;4_4&#8243; _builder_version=&#8220;3.25.1&#8243; global_colors_info=&#8220;{}&#8220;][et_pb_text _builder_version=&#8220;4.10.8&#8243; text_font=&#8220;|700|||||||&#8220; text_text_color=&#8220;#fcbf11&#8243; text_font_size=&#8220;22px&#8220; header_font=&#8220;Montserrat|700|||||||&#8220; header_text_color=&#8220;#fcd21d&#8220; border_width_bottom=&#8220;1px&#8220; border_color_bottom=&#8220;#fcd21d&#8220; global_colors_info=&#8220;{}&#8220;] Behind the scenes [\/et_pb_text][\/et_pb_column][\/et_pb_row][\/et_pb_section][et_pb_section fb_built=&quot;1&quot; _builder_version=&quot;3.24.1&quot; custom_margin=&quot;|||&quot; custom_padding=&quot;7px||3px|||&quot; global_colors_info=&quot;{}&quot;][et_pb_row column_structure=&quot;1_2,1_2&quot; _builder_version=&quot;3.25.1&quot; custom_padding=&quot;2px||7px|||&quot; global_colors_info=&quot;{}&quot;][et_pb_column type=&quot;1_2&quot; _builder_version=&quot;3.25&quot; custom_padding=&quot;|||&quot; global_colors_info=&quot;{}&quot; custom_padding__hover=&quot;|||&quot;][et_pb_image src=&quot;https:\/\/www.fwamstetten.ac.at\/pwa\/wp-content\/uploads\/2025\/03\/Vortrag_ALLright_180325_EWF_2.jpg&quot; _builder_version=&quot;4.10.8&quot; _module_preset=&quot;default&quot; title_text=&quot;Vortrag_ALLright_180325_EWF_2&quot; hover_enabled=&quot;0&quot; sticky_enabled=&quot;0&quot;][\/et_pb_image][\/et_pb_column][et_pb_column type=&quot;1_2&quot; _builder_version=&quot;3.25.1&quot; global_colors_info=&quot;{}&quot;][et_pb_text _builder_version=&quot;4.10.8&quot; _module_preset=&quot;default&quot; global_colors_info=&quot;{}&quot;] Gruppeninspektor Reinhard M\u00fcller und Revierinspektor&#8230;<\/p>\n","protected":false},"author":4,"featured_media":0,"comment_status":"closed","ping_status":"closed","sticky":false,"template":"","format":"standard","meta":{"footnotes":""},"categories":[43],"tags":[],"class_list":["post-14059","post","type-post","status-publish","format-standard","hentry","category-aktuelles"],"yoast_head":"<!-- This site is optimized with the Yoast SEO plugin v26.9 - https:\/\/yoast.com\/product\/yoast-seo-wordpress\/ -->\n<title>Vortrag &quot;ALLright&quot; - Wirtschaftsschulen Franziskaner Amstetten<\/title>\n<meta name=\"robots\" content=\"index, follow, max-snippet:-1, max-image-preview:large, max-video-preview:-1\" \/>\n<link rel=\"canonical\" href=\"https:\/\/www.fwamstetten.ac.at\/pwa\/vortrag-allright\/\" \/>\n<meta property=\"og:locale\" content=\"de_DE\" \/>\n<meta property=\"og:type\" content=\"article\" \/>\n<meta property=\"og:title\" content=\"Vortrag &quot;ALLright&quot; - Wirtschaftsschulen Franziskaner Amstetten\" \/>\n<meta property=\"og:description\" content=\"[et_pb_section fb_built=&#8220;1&#8243; _builder_version=&#8220;3.25.1&#8243; custom_padding=&#8220;0px||0px|||&#8220; global_colors_info=&#8220;{}&#8220;][et_pb_row _builder_version=&#8220;3.25.1&#8243; custom_padding=&#8220;6px|||||&#8220; global_colors_info=&#8220;{}&#8220;][et_pb_column type=&#8220;4_4&#8243; _builder_version=&#8220;3.25.1&#8243; global_colors_info=&#8220;{}&#8220;][et_pb_text _builder_version=&#8220;4.10.8&#8243; text_font=&#8220;|700|||||||&#8220; text_text_color=&#8220;#fcbf11&#8243; text_font_size=&#8220;22px&#8220; header_font=&#8220;Montserrat|700|||||||&#8220; header_text_color=&#8220;#fcd21d&#8220; border_width_bottom=&#8220;1px&#8220; border_color_bottom=&#8220;#fcd21d&#8220; global_colors_info=&#8220;{}&#8220;] Behind the scenes [\/et_pb_text][\/et_pb_column][\/et_pb_row][\/et_pb_section][et_pb_section fb_built=&quot;1&quot; _builder_version=&quot;3.24.1&quot; custom_margin=&quot;|||&quot; custom_padding=&quot;7px||3px|||&quot; global_colors_info=&quot;{}&quot;][et_pb_row column_structure=&quot;1_2,1_2&quot; _builder_version=&quot;3.25.1&quot; custom_padding=&quot;2px||7px|||&quot; global_colors_info=&quot;{}&quot;][et_pb_column type=&quot;1_2&quot; _builder_version=&quot;3.25&quot; custom_padding=&quot;|||&quot; global_colors_info=&quot;{}&quot; custom_padding__hover=&quot;|||&quot;][et_pb_image src=&quot;https:\/\/www.fwamstetten.ac.at\/pwa\/wp-content\/uploads\/2025\/03\/Vortrag_ALLright_180325_EWF_2.jpg&quot; _builder_version=&quot;4.10.8&quot; _module_preset=&quot;default&quot; title_text=&quot;Vortrag_ALLright_180325_EWF_2&quot; hover_enabled=&quot;0&quot; sticky_enabled=&quot;0&quot;][\/et_pb_image][\/et_pb_column][et_pb_column type=&quot;1_2&quot; _builder_version=&quot;3.25.1&quot; global_colors_info=&quot;{}&quot;][et_pb_text _builder_version=&quot;4.10.8&quot; _module_preset=&quot;default&quot; global_colors_info=&quot;{}&quot;] Gruppeninspektor Reinhard M\u00fcller und Revierinspektor...\" \/>\n<meta property=\"og:url\" content=\"https:\/\/www.fwamstetten.ac.at\/pwa\/vortrag-allright\/\" \/>\n<meta property=\"og:site_name\" content=\"Wirtschaftsschulen Franziskaner Amstetten\" \/>\n<meta property=\"article:published_time\" content=\"2025-03-20T15:44:16+00:00\" \/>\n<meta property=\"article:modified_time\" content=\"2025-10-30T12:54:07+00:00\" \/>\n<meta name=\"author\" content=\"FWAmstetten\" \/>\n<meta name=\"twitter:card\" content=\"summary_large_image\" \/>\n<meta name=\"twitter:label1\" content=\"Verfasst von\" \/>\n\t<meta name=\"twitter:data1\" content=\"FWAmstetten\" \/>\n\t<meta name=\"twitter:label2\" content=\"Gesch\u00e4tzte Lesezeit\" \/>\n\t<meta name=\"twitter:data2\" content=\"2\u00a0Minuten\" \/>\n<script type=\"application\/ld+json\" class=\"yoast-schema-graph\">{\"@context\":\"https:\/\/schema.org\",\"@graph\":[{\"@type\":\"Article\",\"@id\":\"https:\/\/www.fwamstetten.ac.at\/pwa\/vortrag-allright\/#article\",\"isPartOf\":{\"@id\":\"https:\/\/www.fwamstetten.ac.at\/pwa\/vortrag-allright\/\"},\"author\":{\"name\":\"FWAmstetten\",\"@id\":\"https:\/\/www.fwamstetten.ac.at\/pwa\/#\/schema\/person\/bf3622c9ff08ba195a3c627fe58df3ce\"},\"headline\":\"Vortrag &#8222;ALLright&#8220;\",\"datePublished\":\"2025-03-20T15:44:16+00:00\",\"dateModified\":\"2025-10-30T12:54:07+00:00\",\"mainEntityOfPage\":{\"@id\":\"https:\/\/www.fwamstetten.ac.at\/pwa\/vortrag-allright\/\"},\"wordCount\":473,\"publisher\":{\"@id\":\"https:\/\/www.fwamstetten.ac.at\/pwa\/#organization\"},\"articleSection\":[\"Aktuelles\"],\"inLanguage\":\"de\"},{\"@type\":\"WebPage\",\"@id\":\"https:\/\/www.fwamstetten.ac.at\/pwa\/vortrag-allright\/\",\"url\":\"https:\/\/www.fwamstetten.ac.at\/pwa\/vortrag-allright\/\",\"name\":\"Vortrag \\\"ALLright\\\" - Wirtschaftsschulen Franziskaner Amstetten\",\"isPartOf\":{\"@id\":\"https:\/\/www.fwamstetten.ac.at\/pwa\/#website\"},\"datePublished\":\"2025-03-20T15:44:16+00:00\",\"dateModified\":\"2025-10-30T12:54:07+00:00\",\"breadcrumb\":{\"@id\":\"https:\/\/www.fwamstetten.ac.at\/pwa\/vortrag-allright\/#breadcrumb\"},\"inLanguage\":\"de\",\"potentialAction\":[{\"@type\":\"ReadAction\",\"target\":[\"https:\/\/www.fwamstetten.ac.at\/pwa\/vortrag-allright\/\"]}]},{\"@type\":\"BreadcrumbList\",\"@id\":\"https:\/\/www.fwamstetten.ac.at\/pwa\/vortrag-allright\/#breadcrumb\",\"itemListElement\":[{\"@type\":\"ListItem\",\"position\":1,\"name\":\"Home\",\"item\":\"https:\/\/www.fwamstetten.ac.at\/pwa\/\"},{\"@type\":\"ListItem\",\"position\":2,\"name\":\"Vortrag &#8222;ALLright&#8220;\"}]},{\"@type\":\"WebSite\",\"@id\":\"https:\/\/www.fwamstetten.ac.at\/pwa\/#website\",\"url\":\"https:\/\/www.fwamstetten.ac.at\/pwa\/\",\"name\":\"Wirtschaftsschulen Franziskaner Amstetten\",\"description\":\"Wir schaffen Perspektiven\",\"publisher\":{\"@id\":\"https:\/\/www.fwamstetten.ac.at\/pwa\/#organization\"},\"potentialAction\":[{\"@type\":\"SearchAction\",\"target\":{\"@type\":\"EntryPoint\",\"urlTemplate\":\"https:\/\/www.fwamstetten.ac.at\/pwa\/?s={search_term_string}\"},\"query-input\":{\"@type\":\"PropertyValueSpecification\",\"valueRequired\":true,\"valueName\":\"search_term_string\"}}],\"inLanguage\":\"de\"},{\"@type\":\"Organization\",\"@id\":\"https:\/\/www.fwamstetten.ac.at\/pwa\/#organization\",\"name\":\"Wirtschaftsschulen Franziskaner Amstetten\",\"url\":\"https:\/\/www.fwamstetten.ac.at\/pwa\/\",\"logo\":{\"@type\":\"ImageObject\",\"inLanguage\":\"de\",\"@id\":\"https:\/\/www.fwamstetten.ac.at\/pwa\/#\/schema\/logo\/image\/\",\"url\":\"https:\/\/www.fwamstetten.ac.at\/pwa\/wp-content\/uploads\/2020\/02\/Logo_Private_Wirtschaftsschulen_Amstetten_Final.png\",\"contentUrl\":\"https:\/\/www.fwamstetten.ac.at\/pwa\/wp-content\/uploads\/2020\/02\/Logo_Private_Wirtschaftsschulen_Amstetten_Final.png\",\"width\":1342,\"height\":550,\"caption\":\"Wirtschaftsschulen Franziskaner Amstetten\"},\"image\":{\"@id\":\"https:\/\/www.fwamstetten.ac.at\/pwa\/#\/schema\/logo\/image\/\"}},{\"@type\":\"Person\",\"@id\":\"https:\/\/www.fwamstetten.ac.at\/pwa\/#\/schema\/person\/bf3622c9ff08ba195a3c627fe58df3ce\",\"name\":\"FWAmstetten\",\"image\":{\"@type\":\"ImageObject\",\"inLanguage\":\"de\",\"@id\":\"https:\/\/www.fwamstetten.ac.at\/pwa\/#\/schema\/person\/image\/\",\"url\":\"https:\/\/secure.gravatar.com\/avatar\/d0545f2cc12713e46d0f45099843f35330f39231ba7e2cedccf0748db4d24e69?s=96&d=mm&r=g\",\"contentUrl\":\"https:\/\/secure.gravatar.com\/avatar\/d0545f2cc12713e46d0f45099843f35330f39231ba7e2cedccf0748db4d24e69?s=96&d=mm&r=g\",\"caption\":\"FWAmstetten\"},\"url\":\"https:\/\/www.fwamstetten.ac.at\/pwa\/author\/fwamstetten\/\"}]}<\/script>\n<!-- \/ Yoast SEO plugin. -->","yoast_head_json":{"title":"Vortrag \"ALLright\" - Wirtschaftsschulen Franziskaner Amstetten","robots":{"index":"index","follow":"follow","max-snippet":"max-snippet:-1","max-image-preview":"max-image-preview:large","max-video-preview":"max-video-preview:-1"},"canonical":"https:\/\/www.fwamstetten.ac.at\/pwa\/vortrag-allright\/","og_locale":"de_DE","og_type":"article","og_title":"Vortrag \"ALLright\" - Wirtschaftsschulen Franziskaner Amstetten","og_description":"[et_pb_section fb_built=&#8220;1&#8243; _builder_version=&#8220;3.25.1&#8243; custom_padding=&#8220;0px||0px|||&#8220; global_colors_info=&#8220;{}&#8220;][et_pb_row _builder_version=&#8220;3.25.1&#8243; custom_padding=&#8220;6px|||||&#8220; global_colors_info=&#8220;{}&#8220;][et_pb_column type=&#8220;4_4&#8243; _builder_version=&#8220;3.25.1&#8243; global_colors_info=&#8220;{}&#8220;][et_pb_text _builder_version=&#8220;4.10.8&#8243; text_font=&#8220;|700|||||||&#8220; text_text_color=&#8220;#fcbf11&#8243; text_font_size=&#8220;22px&#8220; header_font=&#8220;Montserrat|700|||||||&#8220; header_text_color=&#8220;#fcd21d&#8220; border_width_bottom=&#8220;1px&#8220; border_color_bottom=&#8220;#fcd21d&#8220; global_colors_info=&#8220;{}&#8220;] Behind the scenes [\/et_pb_text][\/et_pb_column][\/et_pb_row][\/et_pb_section][et_pb_section fb_built=&quot;1&quot; _builder_version=&quot;3.24.1&quot; custom_margin=&quot;|||&quot; custom_padding=&quot;7px||3px|||&quot; global_colors_info=&quot;{}&quot;][et_pb_row column_structure=&quot;1_2,1_2&quot; _builder_version=&quot;3.25.1&quot; custom_padding=&quot;2px||7px|||&quot; global_colors_info=&quot;{}&quot;][et_pb_column type=&quot;1_2&quot; _builder_version=&quot;3.25&quot; custom_padding=&quot;|||&quot; global_colors_info=&quot;{}&quot; custom_padding__hover=&quot;|||&quot;][et_pb_image src=&quot;https:\/\/www.fwamstetten.ac.at\/pwa\/wp-content\/uploads\/2025\/03\/Vortrag_ALLright_180325_EWF_2.jpg&quot; _builder_version=&quot;4.10.8&quot; _module_preset=&quot;default&quot; title_text=&quot;Vortrag_ALLright_180325_EWF_2&quot; hover_enabled=&quot;0&quot; sticky_enabled=&quot;0&quot;][\/et_pb_image][\/et_pb_column][et_pb_column type=&quot;1_2&quot; _builder_version=&quot;3.25.1&quot; global_colors_info=&quot;{}&quot;][et_pb_text _builder_version=&quot;4.10.8&quot; _module_preset=&quot;default&quot; global_colors_info=&quot;{}&quot;] Gruppeninspektor Reinhard M\u00fcller und Revierinspektor...","og_url":"https:\/\/www.fwamstetten.ac.at\/pwa\/vortrag-allright\/","og_site_name":"Wirtschaftsschulen Franziskaner Amstetten","article_published_time":"2025-03-20T15:44:16+00:00","article_modified_time":"2025-10-30T12:54:07+00:00","author":"FWAmstetten","twitter_card":"summary_large_image","twitter_misc":{"Verfasst von":"FWAmstetten","Gesch\u00e4tzte Lesezeit":"2\u00a0Minuten"},"schema":{"@context":"https:\/\/schema.org","@graph":[{"@type":"Article","@id":"https:\/\/www.fwamstetten.ac.at\/pwa\/vortrag-allright\/#article","isPartOf":{"@id":"https:\/\/www.fwamstetten.ac.at\/pwa\/vortrag-allright\/"},"author":{"name":"FWAmstetten","@id":"https:\/\/www.fwamstetten.ac.at\/pwa\/#\/schema\/person\/bf3622c9ff08ba195a3c627fe58df3ce"},"headline":"Vortrag &#8222;ALLright&#8220;","datePublished":"2025-03-20T15:44:16+00:00","dateModified":"2025-10-30T12:54:07+00:00","mainEntityOfPage":{"@id":"https:\/\/www.fwamstetten.ac.at\/pwa\/vortrag-allright\/"},"wordCount":473,"publisher":{"@id":"https:\/\/www.fwamstetten.ac.at\/pwa\/#organization"},"articleSection":["Aktuelles"],"inLanguage":"de"},{"@type":"WebPage","@id":"https:\/\/www.fwamstetten.ac.at\/pwa\/vortrag-allright\/","url":"https:\/\/www.fwamstetten.ac.at\/pwa\/vortrag-allright\/","name":"Vortrag \"ALLright\" - Wirtschaftsschulen Franziskaner Amstetten","isPartOf":{"@id":"https:\/\/www.fwamstetten.ac.at\/pwa\/#website"},"datePublished":"2025-03-20T15:44:16+00:00","dateModified":"2025-10-30T12:54:07+00:00","breadcrumb":{"@id":"https:\/\/www.fwamstetten.ac.at\/pwa\/vortrag-allright\/#breadcrumb"},"inLanguage":"de","potentialAction":[{"@type":"ReadAction","target":["https:\/\/www.fwamstetten.ac.at\/pwa\/vortrag-allright\/"]}]},{"@type":"BreadcrumbList","@id":"https:\/\/www.fwamstetten.ac.at\/pwa\/vortrag-allright\/#breadcrumb","itemListElement":[{"@type":"ListItem","position":1,"name":"Home","item":"https:\/\/www.fwamstetten.ac.at\/pwa\/"},{"@type":"ListItem","position":2,"name":"Vortrag &#8222;ALLright&#8220;"}]},{"@type":"WebSite","@id":"https:\/\/www.fwamstetten.ac.at\/pwa\/#website","url":"https:\/\/www.fwamstetten.ac.at\/pwa\/","name":"Wirtschaftsschulen Franziskaner Amstetten","description":"Wir schaffen Perspektiven","publisher":{"@id":"https:\/\/www.fwamstetten.ac.at\/pwa\/#organization"},"potentialAction":[{"@type":"SearchAction","target":{"@type":"EntryPoint","urlTemplate":"https:\/\/www.fwamstetten.ac.at\/pwa\/?s={search_term_string}"},"query-input":{"@type":"PropertyValueSpecification","valueRequired":true,"valueName":"search_term_string"}}],"inLanguage":"de"},{"@type":"Organization","@id":"https:\/\/www.fwamstetten.ac.at\/pwa\/#organization","name":"Wirtschaftsschulen Franziskaner Amstetten","url":"https:\/\/www.fwamstetten.ac.at\/pwa\/","logo":{"@type":"ImageObject","inLanguage":"de","@id":"https:\/\/www.fwamstetten.ac.at\/pwa\/#\/schema\/logo\/image\/","url":"https:\/\/www.fwamstetten.ac.at\/pwa\/wp-content\/uploads\/2020\/02\/Logo_Private_Wirtschaftsschulen_Amstetten_Final.png","contentUrl":"https:\/\/www.fwamstetten.ac.at\/pwa\/wp-content\/uploads\/2020\/02\/Logo_Private_Wirtschaftsschulen_Amstetten_Final.png","width":1342,"height":550,"caption":"Wirtschaftsschulen Franziskaner Amstetten"},"image":{"@id":"https:\/\/www.fwamstetten.ac.at\/pwa\/#\/schema\/logo\/image\/"}},{"@type":"Person","@id":"https:\/\/www.fwamstetten.ac.at\/pwa\/#\/schema\/person\/bf3622c9ff08ba195a3c627fe58df3ce","name":"FWAmstetten","image":{"@type":"ImageObject","inLanguage":"de","@id":"https:\/\/www.fwamstetten.ac.at\/pwa\/#\/schema\/person\/image\/","url":"https:\/\/secure.gravatar.com\/avatar\/d0545f2cc12713e46d0f45099843f35330f39231ba7e2cedccf0748db4d24e69?s=96&d=mm&r=g","contentUrl":"https:\/\/secure.gravatar.com\/avatar\/d0545f2cc12713e46d0f45099843f35330f39231ba7e2cedccf0748db4d24e69?s=96&d=mm&r=g","caption":"FWAmstetten"},"url":"https:\/\/www.fwamstetten.ac.at\/pwa\/author\/fwamstetten\/"}]}},"_links":{"self":[{"href":"https:\/\/www.fwamstetten.ac.at\/pwa\/wp-json\/wp\/v2\/posts\/14059","targetHints":{"allow":["GET"]}}],"collection":[{"href":"https:\/\/www.fwamstetten.ac.at\/pwa\/wp-json\/wp\/v2\/posts"}],"about":[{"href":"https:\/\/www.fwamstetten.ac.at\/pwa\/wp-json\/wp\/v2\/types\/post"}],"author":[{"embeddable":true,"href":"https:\/\/www.fwamstetten.ac.at\/pwa\/wp-json\/wp\/v2\/users\/4"}],"replies":[{"embeddable":true,"href":"https:\/\/www.fwamstetten.ac.at\/pwa\/wp-json\/wp\/v2\/comments?post=14059"}],"version-history":[{"count":1,"href":"https:\/\/www.fwamstetten.ac.at\/pwa\/wp-json\/wp\/v2\/posts\/14059\/revisions"}],"predecessor-version":[{"id":991940,"href":"https:\/\/www.fwamstetten.ac.at\/pwa\/wp-json\/wp\/v2\/posts\/14059\/revisions\/991940"}],"wp:attachment":[{"href":"https:\/\/www.fwamstetten.ac.at\/pwa\/wp-json\/wp\/v2\/media?parent=14059"}],"wp:term":[{"taxonomy":"category","embeddable":true,"href":"https:\/\/www.fwamstetten.ac.at\/pwa\/wp-json\/wp\/v2\/categories?post=14059"},{"taxonomy":"post_tag","embeddable":true,"href":"https:\/\/www.fwamstetten.ac.at\/pwa\/wp-json\/wp\/v2\/tags?post=14059"}],"curies":[{"name":"wp","href":"https:\/\/api.w.org\/{rel}","templated":true}]}}