{"id":14068,"date":"2025-03-20T16:50:02","date_gmt":"2025-03-20T15:50:02","guid":{"rendered":"https:\/\/www.fwamstetten.ac.at\/cms\/?p=14068"},"modified":"2025-10-30T13:53:28","modified_gmt":"2025-10-30T12:53:28","slug":"uno-city","status":"publish","type":"post","link":"https:\/\/www.fwamstetten.ac.at\/pwa\/uno-city\/","title":{"rendered":"UNO-City"},"content":{"rendered":"<div class=\"vgblk-rw-wrapper limit-wrapper\">[et_pb_section fb_built=&#8220;1&#8243; _builder_version=&#8220;3.25.1&#8243; custom_padding=&#8220;0px||0px|||&#8220; global_colors_info=&#8220;{}&#8220;][et_pb_row _builder_version=&#8220;3.25.1&#8243; custom_padding=&#8220;6px|||||&#8220; global_colors_info=&#8220;{}&#8220;][et_pb_column type=&#8220;4_4&#8243; _builder_version=&#8220;3.25.1&#8243; global_colors_info=&#8220;{}&#8220;][et_pb_text _builder_version=&#8220;4.10.8&#8243; text_font=&#8220;|700|||||||&#8220; text_text_color=&#8220;#fcbf11&#8243; text_font_size=&#8220;22px&#8220; header_font=&#8220;Montserrat|700|||||||&#8220; header_text_color=&#8220;#fcd21d&#8220; hover_enabled=&#8220;0&#8243; border_width_bottom=&#8220;1px&#8220; border_color_bottom=&#8220;#fcd21d&#8220; global_colors_info=&#8220;{}&#8220; sticky_enabled=&#8220;0&#8243;]<\/p>\n<p>UNO-City<\/p>\n<p>[\/et_pb_text][\/et_pb_column][\/et_pb_row][\/et_pb_section][et_pb_section fb_built=&quot;1&quot; _builder_version=&quot;3.24.1&quot; custom_margin=&quot;|||&quot; custom_padding=&quot;7px||3px|||&quot; global_colors_info=&quot;{}&quot;][et_pb_row column_structure=&quot;1_2,1_2&quot; _builder_version=&quot;3.25.1&quot; custom_padding=&quot;2px||7px|||&quot; global_colors_info=&quot;{}&quot;][et_pb_column type=&quot;1_2&quot; _builder_version=&quot;3.25&quot; custom_padding=&quot;|||&quot; global_colors_info=&quot;{}&quot; custom_padding__hover=&quot;|||&quot;][et_pb_image src=&quot;https:\/\/www.fwamstetten.ac.at\/pwa\/wp-content\/uploads\/2025\/03\/uno-city.jpg&quot; _builder_version=&quot;4.10.8&quot; _module_preset=&quot;default&quot; title_text=&quot;uno-city&quot; hover_enabled=&quot;0&quot; sticky_enabled=&quot;0&quot;][\/et_pb_image][\/et_pb_column][et_pb_column type=&quot;1_2&quot; _builder_version=&quot;3.25.1&quot; global_colors_info=&quot;{}&quot;][et_pb_text _builder_version=&quot;4.10.8&quot; _module_preset=&quot;default&quot; hover_enabled=&quot;0&quot; sticky_enabled=&quot;0&quot;]<\/p>\n<p>Hello, Vienna<\/p>\n<p>Am Mittwoch, den 19. M\u00e4rz 2025, unternahmen die Sch\u00fcler und Sch\u00fclerinnen der Maturaklassen (3ALW und 5 HLW) im Rahmen des Englischunterrichts eine Exkursion nach Wien.<\/p>\n<p>Die Exkursion startete mit einem Besuch des Amerika Hauses im 1. Bezirk, wo uns eine Mitarbeiterin der US-Botschaft in Empfang nahm. \u00a0Im Anschluss an eine informative Pr\u00e4sentation \u00fcber\u00a0die US-Botschaft Wien sowie die amerikanisch-\u00f6sterreichischen Beziehungen hatten die interessierten Sch\u00fclerinnen und Sch\u00fcler die M\u00f6glichkeit, der Referentin eine Vielfalt an Fragen zu stellen.<\/p>\n<p>Der zweite Programmpunkt f\u00fchrte die Klassen in das als \u201eUno-City\u201c bekannte Vienna International Center, einen eindrucksvollen Komplex, der als Hauptquartier verschiedener UN-Organisationen dient. Die Gruppen wurden von erfahrenen Guides durch das Geb\u00e4ude gef\u00fchrt und erhielten faszinierende Einblicke in die Arbeit und die Struktur der Vereinten Nationen. Die F\u00fchrung in englischer Sprache war \u00e4u\u00dferst eindrucksvoll und vermittelte den angehenden Maturantinnen und Maturanten einen lebendigen Einblick in die Praxis internationaler Verhandlungen.<\/p>\n<p>[\/et_pb_text][et_pb_text _builder_version=&#8220;4.10.8&#8243; _module_preset=&#8220;default&#8220; text_font=&#8220;|700|||||||&#8220; text_text_color=&#8220;#fcbf11&#8243; text_font_size=&#8220;18px&#8220; hover_enabled=&#8220;0&#8243; sticky_enabled=&#8220;0&#8243;]<\/p>\n<p>Mag. Astrid Sperneder |\u00a0Mag. Evelyn Prigl<\/p>\n<p>[\/et_pb_text][\/et_pb_column][\/et_pb_row][\/et_pb_section][et_pb_section fb_built=&#8220;1&#8243; _builder_version=&#8220;3.25.1&#8243; custom_padding=&#8220;0px||1px|||&#8220; global_colors_info=&#8220;{}&#8220;][et_pb_row _builder_version=&#8220;3.25.1&#8243; custom_padding=&#8220;||6px|||&#8220; global_colors_info=&#8220;{}&#8220;][et_pb_column type=&#8220;4_4&#8243; _builder_version=&#8220;3.25.1&#8243; global_colors_info=&#8220;{}&#8220;][et_pb_divider _builder_version=&#8220;3.25.1&#8243; global_colors_info=&#8220;{}&#8220;][\/et_pb_divider][\/et_pb_column][\/et_pb_row][\/et_pb_section]<\/p><\/div>\n<p><!-- .vgblk-rw-wrapper --><\/p>\n","protected":false},"excerpt":{"rendered":"<p>[et_pb_section fb_built=&#8220;1&#8243; _builder_version=&#8220;3.25.1&#8243; custom_padding=&#8220;0px||0px|||&#8220; global_colors_info=&#8220;{}&#8220;][et_pb_row _builder_version=&#8220;3.25.1&#8243; custom_padding=&#8220;6px|||||&#8220; global_colors_info=&#8220;{}&#8220;][et_pb_column type=&#8220;4_4&#8243; _builder_version=&#8220;3.25.1&#8243; global_colors_info=&#8220;{}&#8220;][et_pb_text _builder_version=&#8220;4.10.8&#8243; text_font=&#8220;|700|||||||&#8220; text_text_color=&#8220;#fcbf11&#8243; text_font_size=&#8220;22px&#8220; header_font=&#8220;Montserrat|700|||||||&#8220; header_text_color=&#8220;#fcd21d&#8220; hover_enabled=&#8220;0&#8243; border_width_bottom=&#8220;1px&#8220; border_color_bottom=&#8220;#fcd21d&#8220; global_colors_info=&#8220;{}&#8220; sticky_enabled=&#8220;0&#8243;] UNO-City [\/et_pb_text][\/et_pb_column][\/et_pb_row][\/et_pb_section][et_pb_section fb_built=&quot;1&quot; _builder_version=&quot;3.24.1&quot; custom_margin=&quot;|||&quot; custom_padding=&quot;7px||3px|||&quot; global_colors_info=&quot;{}&quot;][et_pb_row column_structure=&quot;1_2,1_2&quot; _builder_version=&quot;3.25.1&quot; custom_padding=&quot;2px||7px|||&quot; global_colors_info=&quot;{}&quot;][et_pb_column type=&quot;1_2&quot; _builder_version=&quot;3.25&quot; custom_padding=&quot;|||&quot; global_colors_info=&quot;{}&quot; custom_padding__hover=&quot;|||&quot;][et_pb_image src=&quot;https:\/\/www.fwamstetten.ac.at\/pwa\/wp-content\/uploads\/2025\/03\/uno-city.jpg&quot; _builder_version=&quot;4.10.8&quot; _module_preset=&quot;default&quot; title_text=&quot;uno-city&quot; hover_enabled=&quot;0&quot; sticky_enabled=&quot;0&quot;][\/et_pb_image][\/et_pb_column][et_pb_column type=&quot;1_2&quot; _builder_version=&quot;3.25.1&quot; global_colors_info=&quot;{}&quot;][et_pb_text _builder_version=&quot;4.10.8&quot; _module_preset=&quot;default&quot; hover_enabled=&quot;0&quot; sticky_enabled=&quot;0&quot;] Hello, Vienna Am Mittwoch,&#8230;<\/p>\n","protected":false},"author":4,"featured_media":0,"comment_status":"closed","ping_status":"closed","sticky":false,"template":"","format":"standard","meta":{"footnotes":""},"categories":[43],"tags":[],"class_list":["post-14068","post","type-post","status-publish","format-standard","hentry","category-aktuelles"],"yoast_head":"<!-- This site is optimized with the Yoast SEO plugin v26.9 - https:\/\/yoast.com\/product\/yoast-seo-wordpress\/ -->\n<title>UNO-City - Wirtschaftsschulen Franziskaner Amstetten<\/title>\n<meta name=\"robots\" content=\"index, follow, max-snippet:-1, max-image-preview:large, max-video-preview:-1\" \/>\n<link rel=\"canonical\" href=\"https:\/\/www.fwamstetten.ac.at\/pwa\/uno-city\/\" \/>\n<meta property=\"og:locale\" content=\"de_DE\" \/>\n<meta property=\"og:type\" content=\"article\" \/>\n<meta property=\"og:title\" content=\"UNO-City - Wirtschaftsschulen Franziskaner Amstetten\" \/>\n<meta property=\"og:description\" content=\"[et_pb_section fb_built=&#8220;1&#8243; _builder_version=&#8220;3.25.1&#8243; custom_padding=&#8220;0px||0px|||&#8220; global_colors_info=&#8220;{}&#8220;][et_pb_row _builder_version=&#8220;3.25.1&#8243; custom_padding=&#8220;6px|||||&#8220; global_colors_info=&#8220;{}&#8220;][et_pb_column type=&#8220;4_4&#8243; _builder_version=&#8220;3.25.1&#8243; global_colors_info=&#8220;{}&#8220;][et_pb_text _builder_version=&#8220;4.10.8&#8243; text_font=&#8220;|700|||||||&#8220; text_text_color=&#8220;#fcbf11&#8243; text_font_size=&#8220;22px&#8220; header_font=&#8220;Montserrat|700|||||||&#8220; header_text_color=&#8220;#fcd21d&#8220; hover_enabled=&#8220;0&#8243; border_width_bottom=&#8220;1px&#8220; border_color_bottom=&#8220;#fcd21d&#8220; global_colors_info=&#8220;{}&#8220; sticky_enabled=&#8220;0&#8243;] UNO-City [\/et_pb_text][\/et_pb_column][\/et_pb_row][\/et_pb_section][et_pb_section fb_built=&quot;1&quot; _builder_version=&quot;3.24.1&quot; custom_margin=&quot;|||&quot; custom_padding=&quot;7px||3px|||&quot; global_colors_info=&quot;{}&quot;][et_pb_row column_structure=&quot;1_2,1_2&quot; _builder_version=&quot;3.25.1&quot; custom_padding=&quot;2px||7px|||&quot; global_colors_info=&quot;{}&quot;][et_pb_column type=&quot;1_2&quot; _builder_version=&quot;3.25&quot; custom_padding=&quot;|||&quot; global_colors_info=&quot;{}&quot; custom_padding__hover=&quot;|||&quot;][et_pb_image src=&quot;https:\/\/www.fwamstetten.ac.at\/pwa\/wp-content\/uploads\/2025\/03\/uno-city.jpg&quot; _builder_version=&quot;4.10.8&quot; _module_preset=&quot;default&quot; title_text=&quot;uno-city&quot; hover_enabled=&quot;0&quot; sticky_enabled=&quot;0&quot;][\/et_pb_image][\/et_pb_column][et_pb_column type=&quot;1_2&quot; _builder_version=&quot;3.25.1&quot; global_colors_info=&quot;{}&quot;][et_pb_text _builder_version=&quot;4.10.8&quot; _module_preset=&quot;default&quot; hover_enabled=&quot;0&quot; sticky_enabled=&quot;0&quot;] Hello, Vienna Am Mittwoch,...\" \/>\n<meta property=\"og:url\" content=\"https:\/\/www.fwamstetten.ac.at\/pwa\/uno-city\/\" \/>\n<meta property=\"og:site_name\" content=\"Wirtschaftsschulen Franziskaner Amstetten\" \/>\n<meta property=\"article:published_time\" content=\"2025-03-20T15:50:02+00:00\" \/>\n<meta property=\"article:modified_time\" content=\"2025-10-30T12:53:28+00:00\" \/>\n<meta name=\"author\" content=\"FWAmstetten\" \/>\n<meta name=\"twitter:card\" content=\"summary_large_image\" \/>\n<meta name=\"twitter:label1\" content=\"Verfasst von\" \/>\n\t<meta name=\"twitter:data1\" content=\"FWAmstetten\" \/>\n\t<meta name=\"twitter:label2\" content=\"Gesch\u00e4tzte Lesezeit\" \/>\n\t<meta name=\"twitter:data2\" content=\"2\u00a0Minuten\" \/>\n<script type=\"application\/ld+json\" class=\"yoast-schema-graph\">{\"@context\":\"https:\/\/schema.org\",\"@graph\":[{\"@type\":\"Article\",\"@id\":\"https:\/\/www.fwamstetten.ac.at\/pwa\/uno-city\/#article\",\"isPartOf\":{\"@id\":\"https:\/\/www.fwamstetten.ac.at\/pwa\/uno-city\/\"},\"author\":{\"name\":\"FWAmstetten\",\"@id\":\"https:\/\/www.fwamstetten.ac.at\/pwa\/#\/schema\/person\/bf3622c9ff08ba195a3c627fe58df3ce\"},\"headline\":\"UNO-City\",\"datePublished\":\"2025-03-20T15:50:02+00:00\",\"dateModified\":\"2025-10-30T12:53:28+00:00\",\"mainEntityOfPage\":{\"@id\":\"https:\/\/www.fwamstetten.ac.at\/pwa\/uno-city\/\"},\"wordCount\":491,\"publisher\":{\"@id\":\"https:\/\/www.fwamstetten.ac.at\/pwa\/#organization\"},\"articleSection\":[\"Aktuelles\"],\"inLanguage\":\"de\"},{\"@type\":\"WebPage\",\"@id\":\"https:\/\/www.fwamstetten.ac.at\/pwa\/uno-city\/\",\"url\":\"https:\/\/www.fwamstetten.ac.at\/pwa\/uno-city\/\",\"name\":\"UNO-City - Wirtschaftsschulen Franziskaner Amstetten\",\"isPartOf\":{\"@id\":\"https:\/\/www.fwamstetten.ac.at\/pwa\/#website\"},\"datePublished\":\"2025-03-20T15:50:02+00:00\",\"dateModified\":\"2025-10-30T12:53:28+00:00\",\"breadcrumb\":{\"@id\":\"https:\/\/www.fwamstetten.ac.at\/pwa\/uno-city\/#breadcrumb\"},\"inLanguage\":\"de\",\"potentialAction\":[{\"@type\":\"ReadAction\",\"target\":[\"https:\/\/www.fwamstetten.ac.at\/pwa\/uno-city\/\"]}]},{\"@type\":\"BreadcrumbList\",\"@id\":\"https:\/\/www.fwamstetten.ac.at\/pwa\/uno-city\/#breadcrumb\",\"itemListElement\":[{\"@type\":\"ListItem\",\"position\":1,\"name\":\"Home\",\"item\":\"https:\/\/www.fwamstetten.ac.at\/pwa\/\"},{\"@type\":\"ListItem\",\"position\":2,\"name\":\"UNO-City\"}]},{\"@type\":\"WebSite\",\"@id\":\"https:\/\/www.fwamstetten.ac.at\/pwa\/#website\",\"url\":\"https:\/\/www.fwamstetten.ac.at\/pwa\/\",\"name\":\"Wirtschaftsschulen Franziskaner Amstetten\",\"description\":\"Wir schaffen Perspektiven\",\"publisher\":{\"@id\":\"https:\/\/www.fwamstetten.ac.at\/pwa\/#organization\"},\"potentialAction\":[{\"@type\":\"SearchAction\",\"target\":{\"@type\":\"EntryPoint\",\"urlTemplate\":\"https:\/\/www.fwamstetten.ac.at\/pwa\/?s={search_term_string}\"},\"query-input\":{\"@type\":\"PropertyValueSpecification\",\"valueRequired\":true,\"valueName\":\"search_term_string\"}}],\"inLanguage\":\"de\"},{\"@type\":\"Organization\",\"@id\":\"https:\/\/www.fwamstetten.ac.at\/pwa\/#organization\",\"name\":\"Wirtschaftsschulen Franziskaner Amstetten\",\"url\":\"https:\/\/www.fwamstetten.ac.at\/pwa\/\",\"logo\":{\"@type\":\"ImageObject\",\"inLanguage\":\"de\",\"@id\":\"https:\/\/www.fwamstetten.ac.at\/pwa\/#\/schema\/logo\/image\/\",\"url\":\"https:\/\/www.fwamstetten.ac.at\/pwa\/wp-content\/uploads\/2020\/02\/Logo_Private_Wirtschaftsschulen_Amstetten_Final.png\",\"contentUrl\":\"https:\/\/www.fwamstetten.ac.at\/pwa\/wp-content\/uploads\/2020\/02\/Logo_Private_Wirtschaftsschulen_Amstetten_Final.png\",\"width\":1342,\"height\":550,\"caption\":\"Wirtschaftsschulen Franziskaner Amstetten\"},\"image\":{\"@id\":\"https:\/\/www.fwamstetten.ac.at\/pwa\/#\/schema\/logo\/image\/\"}},{\"@type\":\"Person\",\"@id\":\"https:\/\/www.fwamstetten.ac.at\/pwa\/#\/schema\/person\/bf3622c9ff08ba195a3c627fe58df3ce\",\"name\":\"FWAmstetten\",\"image\":{\"@type\":\"ImageObject\",\"inLanguage\":\"de\",\"@id\":\"https:\/\/www.fwamstetten.ac.at\/pwa\/#\/schema\/person\/image\/\",\"url\":\"https:\/\/secure.gravatar.com\/avatar\/d0545f2cc12713e46d0f45099843f35330f39231ba7e2cedccf0748db4d24e69?s=96&d=mm&r=g\",\"contentUrl\":\"https:\/\/secure.gravatar.com\/avatar\/d0545f2cc12713e46d0f45099843f35330f39231ba7e2cedccf0748db4d24e69?s=96&d=mm&r=g\",\"caption\":\"FWAmstetten\"},\"url\":\"https:\/\/www.fwamstetten.ac.at\/pwa\/author\/fwamstetten\/\"}]}<\/script>\n<!-- \/ Yoast SEO plugin. -->","yoast_head_json":{"title":"UNO-City - Wirtschaftsschulen Franziskaner Amstetten","robots":{"index":"index","follow":"follow","max-snippet":"max-snippet:-1","max-image-preview":"max-image-preview:large","max-video-preview":"max-video-preview:-1"},"canonical":"https:\/\/www.fwamstetten.ac.at\/pwa\/uno-city\/","og_locale":"de_DE","og_type":"article","og_title":"UNO-City - Wirtschaftsschulen Franziskaner Amstetten","og_description":"[et_pb_section fb_built=&#8220;1&#8243; _builder_version=&#8220;3.25.1&#8243; custom_padding=&#8220;0px||0px|||&#8220; global_colors_info=&#8220;{}&#8220;][et_pb_row _builder_version=&#8220;3.25.1&#8243; custom_padding=&#8220;6px|||||&#8220; global_colors_info=&#8220;{}&#8220;][et_pb_column type=&#8220;4_4&#8243; _builder_version=&#8220;3.25.1&#8243; global_colors_info=&#8220;{}&#8220;][et_pb_text _builder_version=&#8220;4.10.8&#8243; text_font=&#8220;|700|||||||&#8220; text_text_color=&#8220;#fcbf11&#8243; text_font_size=&#8220;22px&#8220; header_font=&#8220;Montserrat|700|||||||&#8220; header_text_color=&#8220;#fcd21d&#8220; hover_enabled=&#8220;0&#8243; border_width_bottom=&#8220;1px&#8220; border_color_bottom=&#8220;#fcd21d&#8220; global_colors_info=&#8220;{}&#8220; sticky_enabled=&#8220;0&#8243;] UNO-City [\/et_pb_text][\/et_pb_column][\/et_pb_row][\/et_pb_section][et_pb_section fb_built=&quot;1&quot; _builder_version=&quot;3.24.1&quot; custom_margin=&quot;|||&quot; custom_padding=&quot;7px||3px|||&quot; global_colors_info=&quot;{}&quot;][et_pb_row column_structure=&quot;1_2,1_2&quot; _builder_version=&quot;3.25.1&quot; custom_padding=&quot;2px||7px|||&quot; global_colors_info=&quot;{}&quot;][et_pb_column type=&quot;1_2&quot; _builder_version=&quot;3.25&quot; custom_padding=&quot;|||&quot; global_colors_info=&quot;{}&quot; custom_padding__hover=&quot;|||&quot;][et_pb_image src=&quot;https:\/\/www.fwamstetten.ac.at\/pwa\/wp-content\/uploads\/2025\/03\/uno-city.jpg&quot; _builder_version=&quot;4.10.8&quot; _module_preset=&quot;default&quot; title_text=&quot;uno-city&quot; hover_enabled=&quot;0&quot; sticky_enabled=&quot;0&quot;][\/et_pb_image][\/et_pb_column][et_pb_column type=&quot;1_2&quot; _builder_version=&quot;3.25.1&quot; global_colors_info=&quot;{}&quot;][et_pb_text _builder_version=&quot;4.10.8&quot; _module_preset=&quot;default&quot; hover_enabled=&quot;0&quot; sticky_enabled=&quot;0&quot;] Hello, Vienna Am Mittwoch,...","og_url":"https:\/\/www.fwamstetten.ac.at\/pwa\/uno-city\/","og_site_name":"Wirtschaftsschulen Franziskaner Amstetten","article_published_time":"2025-03-20T15:50:02+00:00","article_modified_time":"2025-10-30T12:53:28+00:00","author":"FWAmstetten","twitter_card":"summary_large_image","twitter_misc":{"Verfasst von":"FWAmstetten","Gesch\u00e4tzte Lesezeit":"2\u00a0Minuten"},"schema":{"@context":"https:\/\/schema.org","@graph":[{"@type":"Article","@id":"https:\/\/www.fwamstetten.ac.at\/pwa\/uno-city\/#article","isPartOf":{"@id":"https:\/\/www.fwamstetten.ac.at\/pwa\/uno-city\/"},"author":{"name":"FWAmstetten","@id":"https:\/\/www.fwamstetten.ac.at\/pwa\/#\/schema\/person\/bf3622c9ff08ba195a3c627fe58df3ce"},"headline":"UNO-City","datePublished":"2025-03-20T15:50:02+00:00","dateModified":"2025-10-30T12:53:28+00:00","mainEntityOfPage":{"@id":"https:\/\/www.fwamstetten.ac.at\/pwa\/uno-city\/"},"wordCount":491,"publisher":{"@id":"https:\/\/www.fwamstetten.ac.at\/pwa\/#organization"},"articleSection":["Aktuelles"],"inLanguage":"de"},{"@type":"WebPage","@id":"https:\/\/www.fwamstetten.ac.at\/pwa\/uno-city\/","url":"https:\/\/www.fwamstetten.ac.at\/pwa\/uno-city\/","name":"UNO-City - Wirtschaftsschulen Franziskaner Amstetten","isPartOf":{"@id":"https:\/\/www.fwamstetten.ac.at\/pwa\/#website"},"datePublished":"2025-03-20T15:50:02+00:00","dateModified":"2025-10-30T12:53:28+00:00","breadcrumb":{"@id":"https:\/\/www.fwamstetten.ac.at\/pwa\/uno-city\/#breadcrumb"},"inLanguage":"de","potentialAction":[{"@type":"ReadAction","target":["https:\/\/www.fwamstetten.ac.at\/pwa\/uno-city\/"]}]},{"@type":"BreadcrumbList","@id":"https:\/\/www.fwamstetten.ac.at\/pwa\/uno-city\/#breadcrumb","itemListElement":[{"@type":"ListItem","position":1,"name":"Home","item":"https:\/\/www.fwamstetten.ac.at\/pwa\/"},{"@type":"ListItem","position":2,"name":"UNO-City"}]},{"@type":"WebSite","@id":"https:\/\/www.fwamstetten.ac.at\/pwa\/#website","url":"https:\/\/www.fwamstetten.ac.at\/pwa\/","name":"Wirtschaftsschulen Franziskaner Amstetten","description":"Wir schaffen Perspektiven","publisher":{"@id":"https:\/\/www.fwamstetten.ac.at\/pwa\/#organization"},"potentialAction":[{"@type":"SearchAction","target":{"@type":"EntryPoint","urlTemplate":"https:\/\/www.fwamstetten.ac.at\/pwa\/?s={search_term_string}"},"query-input":{"@type":"PropertyValueSpecification","valueRequired":true,"valueName":"search_term_string"}}],"inLanguage":"de"},{"@type":"Organization","@id":"https:\/\/www.fwamstetten.ac.at\/pwa\/#organization","name":"Wirtschaftsschulen Franziskaner Amstetten","url":"https:\/\/www.fwamstetten.ac.at\/pwa\/","logo":{"@type":"ImageObject","inLanguage":"de","@id":"https:\/\/www.fwamstetten.ac.at\/pwa\/#\/schema\/logo\/image\/","url":"https:\/\/www.fwamstetten.ac.at\/pwa\/wp-content\/uploads\/2020\/02\/Logo_Private_Wirtschaftsschulen_Amstetten_Final.png","contentUrl":"https:\/\/www.fwamstetten.ac.at\/pwa\/wp-content\/uploads\/2020\/02\/Logo_Private_Wirtschaftsschulen_Amstetten_Final.png","width":1342,"height":550,"caption":"Wirtschaftsschulen Franziskaner Amstetten"},"image":{"@id":"https:\/\/www.fwamstetten.ac.at\/pwa\/#\/schema\/logo\/image\/"}},{"@type":"Person","@id":"https:\/\/www.fwamstetten.ac.at\/pwa\/#\/schema\/person\/bf3622c9ff08ba195a3c627fe58df3ce","name":"FWAmstetten","image":{"@type":"ImageObject","inLanguage":"de","@id":"https:\/\/www.fwamstetten.ac.at\/pwa\/#\/schema\/person\/image\/","url":"https:\/\/secure.gravatar.com\/avatar\/d0545f2cc12713e46d0f45099843f35330f39231ba7e2cedccf0748db4d24e69?s=96&d=mm&r=g","contentUrl":"https:\/\/secure.gravatar.com\/avatar\/d0545f2cc12713e46d0f45099843f35330f39231ba7e2cedccf0748db4d24e69?s=96&d=mm&r=g","caption":"FWAmstetten"},"url":"https:\/\/www.fwamstetten.ac.at\/pwa\/author\/fwamstetten\/"}]}},"_links":{"self":[{"href":"https:\/\/www.fwamstetten.ac.at\/pwa\/wp-json\/wp\/v2\/posts\/14068","targetHints":{"allow":["GET"]}}],"collection":[{"href":"https:\/\/www.fwamstetten.ac.at\/pwa\/wp-json\/wp\/v2\/posts"}],"about":[{"href":"https:\/\/www.fwamstetten.ac.at\/pwa\/wp-json\/wp\/v2\/types\/post"}],"author":[{"embeddable":true,"href":"https:\/\/www.fwamstetten.ac.at\/pwa\/wp-json\/wp\/v2\/users\/4"}],"replies":[{"embeddable":true,"href":"https:\/\/www.fwamstetten.ac.at\/pwa\/wp-json\/wp\/v2\/comments?post=14068"}],"version-history":[{"count":1,"href":"https:\/\/www.fwamstetten.ac.at\/pwa\/wp-json\/wp\/v2\/posts\/14068\/revisions"}],"predecessor-version":[{"id":991899,"href":"https:\/\/www.fwamstetten.ac.at\/pwa\/wp-json\/wp\/v2\/posts\/14068\/revisions\/991899"}],"wp:attachment":[{"href":"https:\/\/www.fwamstetten.ac.at\/pwa\/wp-json\/wp\/v2\/media?parent=14068"}],"wp:term":[{"taxonomy":"category","embeddable":true,"href":"https:\/\/www.fwamstetten.ac.at\/pwa\/wp-json\/wp\/v2\/categories?post=14068"},{"taxonomy":"post_tag","embeddable":true,"href":"https:\/\/www.fwamstetten.ac.at\/pwa\/wp-json\/wp\/v2\/tags?post=14068"}],"curies":[{"name":"wp","href":"https:\/\/api.w.org\/{rel}","templated":true}]}}