{"id":991057,"date":"2025-09-12T23:17:51","date_gmt":"2025-09-12T21:17:51","guid":{"rendered":"https:\/\/mpmedia.at\/franziskaner\/?p=991057"},"modified":"2025-10-30T13:53:40","modified_gmt":"2025-10-30T12:53:40","slug":"elterncafe","status":"publish","type":"post","link":"https:\/\/www.fwamstetten.ac.at\/pwa\/elterncafe\/","title":{"rendered":"Elterncafe"},"content":{"rendered":"<div class=\"vgblk-rw-wrapper limit-wrapper\">\n<p><strong>Ein Abend f\u00fcr berufst\u00e4tige Eltern \u2013<br><\/strong><strong>pers\u00f6nlich, informativ, gem\u00fctlich<\/strong><\/p>\n\n\n\n<p>Am&nbsp;<strong>Mittwoch, 13. November<\/strong>, laden<\/p>\n\n\n\n<p>die&nbsp;<strong>Privaten Wirtschaftsschulen Amstetten<\/strong><\/p>\n\n\n\n<p>von&nbsp;<strong>17:00 bis 19:30 Uhr<\/strong>&nbsp;herzlich zum&nbsp;<strong>Elterncaf\u00e9<\/strong>&nbsp;ein.<br>In entspannter und pers\u00f6nlicher Atmosph\u00e4re haben interessierte Eltern\/Erziehungsberechtigte mit den Jugendlichen die Gelegenheit, bei kulinarischen H\u00e4ppchen mit Lehrkr\u00e4ften und Sch\u00fcler:innen der Schule ins Gespr\u00e4ch zu kommen, Fragen zu stellen und Einblicke in das Schulleben zu gewinnen.<\/p>\n\n\n\n<p>F\u00fcr alle, die sich gerne ein genaueres Bild machen m\u00f6chten, bieten wir&nbsp;<strong>private F\u00fchrungen<\/strong>&nbsp;durch das Schulgeb\u00e4ude an \u2013 individuell, ruhig und ohne Zeitdruck.<\/p>\n\n\n\n<p>Wir freuen uns auf einen regen Austausch und einen gem\u00fctlichen Abend in angenehmer Atmosph\u00e4re!<\/p>\n\n\n\n<p>\ud83d\udccd&nbsp;<em>Ort:<\/em>&nbsp;Private Wirtschaftsschulen Amstetten<br>\ud83d\udcc5&nbsp;<em>Datum:<\/em>&nbsp;13. November 2025<br>\ud83d\udd54&nbsp;<em>Zeit:<\/em>&nbsp;17:00 \u2013 19:30 Uhr<\/p>\n<\/div><!-- .vgblk-rw-wrapper -->","protected":false},"excerpt":{"rendered":"<p>Ein Abend f\u00fcr berufst\u00e4tige Eltern \u2013pers\u00f6nlich, informativ, gem\u00fctlich Am&nbsp;Mittwoch, 13. November, laden die&nbsp;Privaten Wirtschaftsschulen Amstetten von&nbsp;17:00 bis 19:30 Uhr&nbsp;herzlich zum&nbsp;Elterncaf\u00e9&nbsp;ein.In entspannter und pers\u00f6nlicher Atmosph\u00e4re haben interessierte Eltern\/Erziehungsberechtigte mit den Jugendlichen die Gelegenheit, bei kulinarischen H\u00e4ppchen mit Lehrkr\u00e4ften und Sch\u00fcler:innen der Schule ins Gespr\u00e4ch zu kommen, Fragen zu stellen und Einblicke in das Schulleben zu gewinnen&#8230;.<\/p>\n","protected":false},"author":1,"featured_media":991059,"comment_status":"closed","ping_status":"closed","sticky":false,"template":"","format":"standard","meta":{"footnotes":""},"categories":[43],"tags":[],"class_list":["post-991057","post","type-post","status-publish","format-standard","has-post-thumbnail","hentry","category-aktuelles"],"yoast_head":"<!-- This site is optimized with the Yoast SEO plugin v26.9 - https:\/\/yoast.com\/product\/yoast-seo-wordpress\/ -->\n<title>Elterncafe - Wirtschaftsschulen Franziskaner Amstetten<\/title>\n<meta name=\"robots\" content=\"index, follow, max-snippet:-1, max-image-preview:large, max-video-preview:-1\" \/>\n<link rel=\"canonical\" href=\"https:\/\/www.fwamstetten.ac.at\/pwa\/elterncafe\/\" \/>\n<meta property=\"og:locale\" content=\"de_DE\" \/>\n<meta property=\"og:type\" content=\"article\" \/>\n<meta property=\"og:title\" content=\"Elterncafe - Wirtschaftsschulen Franziskaner Amstetten\" \/>\n<meta property=\"og:description\" content=\"Ein Abend f\u00fcr berufst\u00e4tige Eltern \u2013pers\u00f6nlich, informativ, gem\u00fctlich Am&nbsp;Mittwoch, 13. November, laden die&nbsp;Privaten Wirtschaftsschulen Amstetten von&nbsp;17:00 bis 19:30 Uhr&nbsp;herzlich zum&nbsp;Elterncaf\u00e9&nbsp;ein.In entspannter und pers\u00f6nlicher Atmosph\u00e4re haben interessierte Eltern\/Erziehungsberechtigte mit den Jugendlichen die Gelegenheit, bei kulinarischen H\u00e4ppchen mit Lehrkr\u00e4ften und Sch\u00fcler:innen der Schule ins Gespr\u00e4ch zu kommen, Fragen zu stellen und Einblicke in das Schulleben zu gewinnen....\" \/>\n<meta property=\"og:url\" content=\"https:\/\/www.fwamstetten.ac.at\/pwa\/elterncafe\/\" \/>\n<meta property=\"og:site_name\" content=\"Wirtschaftsschulen Franziskaner Amstetten\" \/>\n<meta property=\"article:published_time\" content=\"2025-09-12T21:17:51+00:00\" \/>\n<meta property=\"article:modified_time\" content=\"2025-10-30T12:53:40+00:00\" \/>\n<meta property=\"og:image\" content=\"https:\/\/www.fwamstetten.ac.at\/pwa\/wp-content\/uploads\/2025\/10\/Unbenannt-1.webp\" \/>\n\t<meta property=\"og:image:width\" content=\"453\" \/>\n\t<meta property=\"og:image:height\" content=\"638\" \/>\n\t<meta property=\"og:image:type\" content=\"image\/jpeg\" \/>\n<meta name=\"author\" content=\"Joerg Bauer\" \/>\n<meta name=\"twitter:card\" content=\"summary_large_image\" \/>\n<meta name=\"twitter:label1\" content=\"Verfasst von\" \/>\n\t<meta name=\"twitter:data1\" content=\"Joerg Bauer\" \/>\n\t<meta name=\"twitter:label2\" content=\"Gesch\u00e4tzte Lesezeit\" \/>\n\t<meta name=\"twitter:data2\" content=\"1\u00a0Minute\" \/>\n<script type=\"application\/ld+json\" class=\"yoast-schema-graph\">{\"@context\":\"https:\/\/schema.org\",\"@graph\":[{\"@type\":\"Article\",\"@id\":\"https:\/\/www.fwamstetten.ac.at\/pwa\/elterncafe\/#article\",\"isPartOf\":{\"@id\":\"https:\/\/www.fwamstetten.ac.at\/pwa\/elterncafe\/\"},\"author\":{\"name\":\"Joerg Bauer\",\"@id\":\"https:\/\/www.fwamstetten.ac.at\/pwa\/#\/schema\/person\/66f8cffb7abe387ae6017e4ebfc29a7b\"},\"headline\":\"Elterncafe\",\"datePublished\":\"2025-09-12T21:17:51+00:00\",\"dateModified\":\"2025-10-30T12:53:40+00:00\",\"mainEntityOfPage\":{\"@id\":\"https:\/\/www.fwamstetten.ac.at\/pwa\/elterncafe\/\"},\"wordCount\":137,\"publisher\":{\"@id\":\"https:\/\/www.fwamstetten.ac.at\/pwa\/#organization\"},\"image\":{\"@id\":\"https:\/\/www.fwamstetten.ac.at\/pwa\/elterncafe\/#primaryimage\"},\"thumbnailUrl\":\"https:\/\/www.fwamstetten.ac.at\/pwa\/wp-content\/uploads\/2025\/10\/Unbenannt-1.webp\",\"articleSection\":[\"Aktuelles\"],\"inLanguage\":\"de\"},{\"@type\":\"WebPage\",\"@id\":\"https:\/\/www.fwamstetten.ac.at\/pwa\/elterncafe\/\",\"url\":\"https:\/\/www.fwamstetten.ac.at\/pwa\/elterncafe\/\",\"name\":\"Elterncafe - Wirtschaftsschulen Franziskaner Amstetten\",\"isPartOf\":{\"@id\":\"https:\/\/www.fwamstetten.ac.at\/pwa\/#website\"},\"primaryImageOfPage\":{\"@id\":\"https:\/\/www.fwamstetten.ac.at\/pwa\/elterncafe\/#primaryimage\"},\"image\":{\"@id\":\"https:\/\/www.fwamstetten.ac.at\/pwa\/elterncafe\/#primaryimage\"},\"thumbnailUrl\":\"https:\/\/www.fwamstetten.ac.at\/pwa\/wp-content\/uploads\/2025\/10\/Unbenannt-1.webp\",\"datePublished\":\"2025-09-12T21:17:51+00:00\",\"dateModified\":\"2025-10-30T12:53:40+00:00\",\"breadcrumb\":{\"@id\":\"https:\/\/www.fwamstetten.ac.at\/pwa\/elterncafe\/#breadcrumb\"},\"inLanguage\":\"de\",\"potentialAction\":[{\"@type\":\"ReadAction\",\"target\":[\"https:\/\/www.fwamstetten.ac.at\/pwa\/elterncafe\/\"]}]},{\"@type\":\"ImageObject\",\"inLanguage\":\"de\",\"@id\":\"https:\/\/www.fwamstetten.ac.at\/pwa\/elterncafe\/#primaryimage\",\"url\":\"https:\/\/www.fwamstetten.ac.at\/pwa\/wp-content\/uploads\/2025\/10\/Unbenannt-1.webp\",\"contentUrl\":\"https:\/\/www.fwamstetten.ac.at\/pwa\/wp-content\/uploads\/2025\/10\/Unbenannt-1.webp\",\"width\":453,\"height\":638},{\"@type\":\"BreadcrumbList\",\"@id\":\"https:\/\/www.fwamstetten.ac.at\/pwa\/elterncafe\/#breadcrumb\",\"itemListElement\":[{\"@type\":\"ListItem\",\"position\":1,\"name\":\"Home\",\"item\":\"https:\/\/www.fwamstetten.ac.at\/pwa\/\"},{\"@type\":\"ListItem\",\"position\":2,\"name\":\"Elterncafe\"}]},{\"@type\":\"WebSite\",\"@id\":\"https:\/\/www.fwamstetten.ac.at\/pwa\/#website\",\"url\":\"https:\/\/www.fwamstetten.ac.at\/pwa\/\",\"name\":\"Wirtschaftsschulen Franziskaner Amstetten\",\"description\":\"Wir schaffen Perspektiven\",\"publisher\":{\"@id\":\"https:\/\/www.fwamstetten.ac.at\/pwa\/#organization\"},\"potentialAction\":[{\"@type\":\"SearchAction\",\"target\":{\"@type\":\"EntryPoint\",\"urlTemplate\":\"https:\/\/www.fwamstetten.ac.at\/pwa\/?s={search_term_string}\"},\"query-input\":{\"@type\":\"PropertyValueSpecification\",\"valueRequired\":true,\"valueName\":\"search_term_string\"}}],\"inLanguage\":\"de\"},{\"@type\":\"Organization\",\"@id\":\"https:\/\/www.fwamstetten.ac.at\/pwa\/#organization\",\"name\":\"Wirtschaftsschulen Franziskaner Amstetten\",\"url\":\"https:\/\/www.fwamstetten.ac.at\/pwa\/\",\"logo\":{\"@type\":\"ImageObject\",\"inLanguage\":\"de\",\"@id\":\"https:\/\/www.fwamstetten.ac.at\/pwa\/#\/schema\/logo\/image\/\",\"url\":\"https:\/\/www.fwamstetten.ac.at\/pwa\/wp-content\/uploads\/2020\/02\/Logo_Private_Wirtschaftsschulen_Amstetten_Final.png\",\"contentUrl\":\"https:\/\/www.fwamstetten.ac.at\/pwa\/wp-content\/uploads\/2020\/02\/Logo_Private_Wirtschaftsschulen_Amstetten_Final.png\",\"width\":1342,\"height\":550,\"caption\":\"Wirtschaftsschulen Franziskaner Amstetten\"},\"image\":{\"@id\":\"https:\/\/www.fwamstetten.ac.at\/pwa\/#\/schema\/logo\/image\/\"}},{\"@type\":\"Person\",\"@id\":\"https:\/\/www.fwamstetten.ac.at\/pwa\/#\/schema\/person\/66f8cffb7abe387ae6017e4ebfc29a7b\",\"name\":\"Joerg Bauer\",\"image\":{\"@type\":\"ImageObject\",\"inLanguage\":\"de\",\"@id\":\"https:\/\/www.fwamstetten.ac.at\/pwa\/#\/schema\/person\/image\/\",\"url\":\"https:\/\/secure.gravatar.com\/avatar\/1bda57bf61e72e0a6c843c3df4f26231d205bcaa852868455b15453e05d24f62?s=96&d=mm&r=g\",\"contentUrl\":\"https:\/\/secure.gravatar.com\/avatar\/1bda57bf61e72e0a6c843c3df4f26231d205bcaa852868455b15453e05d24f62?s=96&d=mm&r=g\",\"caption\":\"Joerg Bauer\"},\"sameAs\":[\"https:\/\/mpmedia.at\/franziskaner\"],\"url\":\"https:\/\/www.fwamstetten.ac.at\/pwa\/author\/joerg-bauer\/\"}]}<\/script>\n<!-- \/ Yoast SEO plugin. -->","yoast_head_json":{"title":"Elterncafe - Wirtschaftsschulen Franziskaner Amstetten","robots":{"index":"index","follow":"follow","max-snippet":"max-snippet:-1","max-image-preview":"max-image-preview:large","max-video-preview":"max-video-preview:-1"},"canonical":"https:\/\/www.fwamstetten.ac.at\/pwa\/elterncafe\/","og_locale":"de_DE","og_type":"article","og_title":"Elterncafe - Wirtschaftsschulen Franziskaner Amstetten","og_description":"Ein Abend f\u00fcr berufst\u00e4tige Eltern \u2013pers\u00f6nlich, informativ, gem\u00fctlich Am&nbsp;Mittwoch, 13. November, laden die&nbsp;Privaten Wirtschaftsschulen Amstetten von&nbsp;17:00 bis 19:30 Uhr&nbsp;herzlich zum&nbsp;Elterncaf\u00e9&nbsp;ein.In entspannter und pers\u00f6nlicher Atmosph\u00e4re haben interessierte Eltern\/Erziehungsberechtigte mit den Jugendlichen die Gelegenheit, bei kulinarischen H\u00e4ppchen mit Lehrkr\u00e4ften und Sch\u00fcler:innen der Schule ins Gespr\u00e4ch zu kommen, Fragen zu stellen und Einblicke in das Schulleben zu gewinnen....","og_url":"https:\/\/www.fwamstetten.ac.at\/pwa\/elterncafe\/","og_site_name":"Wirtschaftsschulen Franziskaner Amstetten","article_published_time":"2025-09-12T21:17:51+00:00","article_modified_time":"2025-10-30T12:53:40+00:00","og_image":[{"width":453,"height":638,"url":"https:\/\/www.fwamstetten.ac.at\/pwa\/wp-content\/uploads\/2025\/10\/Unbenannt-1.webp","type":"image\/jpeg"}],"author":"Joerg Bauer","twitter_card":"summary_large_image","twitter_misc":{"Verfasst von":"Joerg Bauer","Gesch\u00e4tzte Lesezeit":"1\u00a0Minute"},"schema":{"@context":"https:\/\/schema.org","@graph":[{"@type":"Article","@id":"https:\/\/www.fwamstetten.ac.at\/pwa\/elterncafe\/#article","isPartOf":{"@id":"https:\/\/www.fwamstetten.ac.at\/pwa\/elterncafe\/"},"author":{"name":"Joerg Bauer","@id":"https:\/\/www.fwamstetten.ac.at\/pwa\/#\/schema\/person\/66f8cffb7abe387ae6017e4ebfc29a7b"},"headline":"Elterncafe","datePublished":"2025-09-12T21:17:51+00:00","dateModified":"2025-10-30T12:53:40+00:00","mainEntityOfPage":{"@id":"https:\/\/www.fwamstetten.ac.at\/pwa\/elterncafe\/"},"wordCount":137,"publisher":{"@id":"https:\/\/www.fwamstetten.ac.at\/pwa\/#organization"},"image":{"@id":"https:\/\/www.fwamstetten.ac.at\/pwa\/elterncafe\/#primaryimage"},"thumbnailUrl":"https:\/\/www.fwamstetten.ac.at\/pwa\/wp-content\/uploads\/2025\/10\/Unbenannt-1.webp","articleSection":["Aktuelles"],"inLanguage":"de"},{"@type":"WebPage","@id":"https:\/\/www.fwamstetten.ac.at\/pwa\/elterncafe\/","url":"https:\/\/www.fwamstetten.ac.at\/pwa\/elterncafe\/","name":"Elterncafe - Wirtschaftsschulen Franziskaner Amstetten","isPartOf":{"@id":"https:\/\/www.fwamstetten.ac.at\/pwa\/#website"},"primaryImageOfPage":{"@id":"https:\/\/www.fwamstetten.ac.at\/pwa\/elterncafe\/#primaryimage"},"image":{"@id":"https:\/\/www.fwamstetten.ac.at\/pwa\/elterncafe\/#primaryimage"},"thumbnailUrl":"https:\/\/www.fwamstetten.ac.at\/pwa\/wp-content\/uploads\/2025\/10\/Unbenannt-1.webp","datePublished":"2025-09-12T21:17:51+00:00","dateModified":"2025-10-30T12:53:40+00:00","breadcrumb":{"@id":"https:\/\/www.fwamstetten.ac.at\/pwa\/elterncafe\/#breadcrumb"},"inLanguage":"de","potentialAction":[{"@type":"ReadAction","target":["https:\/\/www.fwamstetten.ac.at\/pwa\/elterncafe\/"]}]},{"@type":"ImageObject","inLanguage":"de","@id":"https:\/\/www.fwamstetten.ac.at\/pwa\/elterncafe\/#primaryimage","url":"https:\/\/www.fwamstetten.ac.at\/pwa\/wp-content\/uploads\/2025\/10\/Unbenannt-1.webp","contentUrl":"https:\/\/www.fwamstetten.ac.at\/pwa\/wp-content\/uploads\/2025\/10\/Unbenannt-1.webp","width":453,"height":638},{"@type":"BreadcrumbList","@id":"https:\/\/www.fwamstetten.ac.at\/pwa\/elterncafe\/#breadcrumb","itemListElement":[{"@type":"ListItem","position":1,"name":"Home","item":"https:\/\/www.fwamstetten.ac.at\/pwa\/"},{"@type":"ListItem","position":2,"name":"Elterncafe"}]},{"@type":"WebSite","@id":"https:\/\/www.fwamstetten.ac.at\/pwa\/#website","url":"https:\/\/www.fwamstetten.ac.at\/pwa\/","name":"Wirtschaftsschulen Franziskaner Amstetten","description":"Wir schaffen Perspektiven","publisher":{"@id":"https:\/\/www.fwamstetten.ac.at\/pwa\/#organization"},"potentialAction":[{"@type":"SearchAction","target":{"@type":"EntryPoint","urlTemplate":"https:\/\/www.fwamstetten.ac.at\/pwa\/?s={search_term_string}"},"query-input":{"@type":"PropertyValueSpecification","valueRequired":true,"valueName":"search_term_string"}}],"inLanguage":"de"},{"@type":"Organization","@id":"https:\/\/www.fwamstetten.ac.at\/pwa\/#organization","name":"Wirtschaftsschulen Franziskaner Amstetten","url":"https:\/\/www.fwamstetten.ac.at\/pwa\/","logo":{"@type":"ImageObject","inLanguage":"de","@id":"https:\/\/www.fwamstetten.ac.at\/pwa\/#\/schema\/logo\/image\/","url":"https:\/\/www.fwamstetten.ac.at\/pwa\/wp-content\/uploads\/2020\/02\/Logo_Private_Wirtschaftsschulen_Amstetten_Final.png","contentUrl":"https:\/\/www.fwamstetten.ac.at\/pwa\/wp-content\/uploads\/2020\/02\/Logo_Private_Wirtschaftsschulen_Amstetten_Final.png","width":1342,"height":550,"caption":"Wirtschaftsschulen Franziskaner Amstetten"},"image":{"@id":"https:\/\/www.fwamstetten.ac.at\/pwa\/#\/schema\/logo\/image\/"}},{"@type":"Person","@id":"https:\/\/www.fwamstetten.ac.at\/pwa\/#\/schema\/person\/66f8cffb7abe387ae6017e4ebfc29a7b","name":"Joerg Bauer","image":{"@type":"ImageObject","inLanguage":"de","@id":"https:\/\/www.fwamstetten.ac.at\/pwa\/#\/schema\/person\/image\/","url":"https:\/\/secure.gravatar.com\/avatar\/1bda57bf61e72e0a6c843c3df4f26231d205bcaa852868455b15453e05d24f62?s=96&d=mm&r=g","contentUrl":"https:\/\/secure.gravatar.com\/avatar\/1bda57bf61e72e0a6c843c3df4f26231d205bcaa852868455b15453e05d24f62?s=96&d=mm&r=g","caption":"Joerg Bauer"},"sameAs":["https:\/\/mpmedia.at\/franziskaner"],"url":"https:\/\/www.fwamstetten.ac.at\/pwa\/author\/joerg-bauer\/"}]}},"_links":{"self":[{"href":"https:\/\/www.fwamstetten.ac.at\/pwa\/wp-json\/wp\/v2\/posts\/991057","targetHints":{"allow":["GET"]}}],"collection":[{"href":"https:\/\/www.fwamstetten.ac.at\/pwa\/wp-json\/wp\/v2\/posts"}],"about":[{"href":"https:\/\/www.fwamstetten.ac.at\/pwa\/wp-json\/wp\/v2\/types\/post"}],"author":[{"embeddable":true,"href":"https:\/\/www.fwamstetten.ac.at\/pwa\/wp-json\/wp\/v2\/users\/1"}],"replies":[{"embeddable":true,"href":"https:\/\/www.fwamstetten.ac.at\/pwa\/wp-json\/wp\/v2\/comments?post=991057"}],"version-history":[{"count":2,"href":"https:\/\/www.fwamstetten.ac.at\/pwa\/wp-json\/wp\/v2\/posts\/991057\/revisions"}],"predecessor-version":[{"id":991060,"href":"https:\/\/www.fwamstetten.ac.at\/pwa\/wp-json\/wp\/v2\/posts\/991057\/revisions\/991060"}],"wp:featuredmedia":[{"embeddable":true,"href":"https:\/\/www.fwamstetten.ac.at\/pwa\/wp-json\/wp\/v2\/media\/991059"}],"wp:attachment":[{"href":"https:\/\/www.fwamstetten.ac.at\/pwa\/wp-json\/wp\/v2\/media?parent=991057"}],"wp:term":[{"taxonomy":"category","embeddable":true,"href":"https:\/\/www.fwamstetten.ac.at\/pwa\/wp-json\/wp\/v2\/categories?post=991057"},{"taxonomy":"post_tag","embeddable":true,"href":"https:\/\/www.fwamstetten.ac.at\/pwa\/wp-json\/wp\/v2\/tags?post=991057"}],"curies":[{"name":"wp","href":"https:\/\/api.w.org\/{rel}","templated":true}]}}