{"id":991061,"date":"2025-09-01T23:18:48","date_gmt":"2025-09-01T21:18:48","guid":{"rendered":"https:\/\/mpmedia.at\/franziskaner\/?p=991061"},"modified":"2025-10-30T13:53:40","modified_gmt":"2025-10-30T12:53:40","slug":"pilgrim-zertifikat","status":"publish","type":"post","link":"https:\/\/www.fwamstetten.ac.at\/pwa\/pilgrim-zertifikat\/","title":{"rendered":"Pilgrim Zertifikat"},"content":{"rendered":"<div class=\"vgblk-rw-wrapper limit-wrapper\">\n<p><em>Private Wirtschaftsschulen Amstetten mit PILGRIM-Zertifikat ausgezeichnet<\/em><\/p>\n\n\n\n<p>Am 3. Juni 2025 erhielten die&nbsp;<strong>Privaten Wirtschaftsschulen Amstetten<\/strong>&nbsp;im feierlichen Rahmen des Wiener Schottenstifts das&nbsp;<strong>PILGRIM-Zertifikat<\/strong>. Dieses internationale Bildungsnetzwerk verbindet Spiritualit\u00e4t mit Nachhaltigkeit und zeichnet Bildungseinrichtungen aus, die sich aktiv f\u00fcr soziale Gerechtigkeit und den Schutz der Umwelt einsetzen.<\/p>\n\n\n\n<p>Die Zertifizierung erfolgte aufgrund des Projekts&nbsp;<strong>\u201eDie Last der Stille\u201c<\/strong>&nbsp;von&nbsp;<strong>Prof. Mst. Doris Schwarz-K\u00f6nig<\/strong>. Im Zentrum des Projekts stand eine eindrucksvolle Fotografievernissage mit begleitender Spendensammlung zugunsten des&nbsp;<strong>Amstettner Frauenhauses<\/strong>. Die Ausstellung verband die spirituellen Elemente des Kreuzwegs mit den Leidensgeschichten von Frauen, die Gewalt erfahren haben. Durch diese k\u00fcnstlerische Auseinandersetzung wurde nicht nur Bewusstsein f\u00fcr das Thema h\u00e4usliche Gewalt geschaffen, sondern auch ein Raum f\u00fcr Solidarit\u00e4t und Hoffnung er\u00f6ffnet.<\/p>\n\n\n\n<p>\u201eMit dem PILGRIM-Zertifikat m\u00f6chten wir das Engagement unserer Schule f\u00fcr Spiritualit\u00e4t und Nachhaltigkeit w\u00fcrdigen. Projekte wie dieses zeigen, wie Bildung jungen Menschen Werte vermittelt und gesellschaftliche Verantwortung f\u00f6rdert\u201c, betont die Schulleitung.<\/p>\n\n\n\n<p>PILGRIM wurde 2004 gegr\u00fcndet und ist mittlerweile an \u00fcber 300 Schulen und Bildungseinrichtungen vertreten. Ziel ist es, Spiritualit\u00e4t, ethische Bildung und Nachhaltigkeit zu verkn\u00fcpfen, um so das \u201egemeinsame Haus Erde\u201c zu sch\u00fctzen und zu bewahren.<\/p>\n\n\n\n<p>Die Privaten Wirtschaftsschulen Amstetten sehen die Auszeichnung als Motivation, den eingeschlagenen Weg fortzuf\u00fchren und auch in Zukunft Projekte umzusetzen, die zur sozialen und \u00f6kologischen Verbesserung unserer Mitwelt beitragen.<\/p>\n\n\n\n<p>Von links:<br>Dr. Tiran Petrosyan, Vorsitzender des \u00d6kumenischen Rates dir Kirchen in \u00d6sterreich,<br>DI Gunnar Hamann, SQM, Bildungsdirektion Nieder\u00f6sterreich,<br>Dr. Matthias Geist, Superintendent der Evangelischen Kirche A.B. Wien,<br>Mag. Christine Wogowitsch, Pr\u00e4sidentin von PILGRIM<br>HR Dr. Johann Hisch, Ehrenpr\u00e4sident von PILGRIM<\/p>\n\n\n\n<p>\u00a9 \u201ekathbild.at \/ Franz Josef Rupprecht\u201c<\/p>\n\n\n\n<p>Link zum Artikel in der Tips:&nbsp;<\/p>\n\n\n\n<p><a href=\"https:\/\/www.tips.at\/nachrichten\/amstetten\/land-leute\/695343-private-wirtschaftsschulen-amstetten-mit-pilgrim-zertifikat-ausgezeichnet\">Private Wirtschaftsschulen Amstetten mit Pilgrim-Zertifikat ausge<\/a><\/p>\n\n\n\n<p><a href=\"https:\/\/www.tips.at\/nachrichten\/amstetten\/land-leute\/695343-private-wirtschaftsschulen-amstetten-mit-pilgrim-zertifikat-ausgezeichnet\">zeichnet<\/a><\/p>\n<\/div><!-- .vgblk-rw-wrapper -->","protected":false},"excerpt":{"rendered":"<p>Private Wirtschaftsschulen Amstetten mit PILGRIM-Zertifikat ausgezeichnet Am 3. Juni 2025 erhielten die&nbsp;Privaten Wirtschaftsschulen Amstetten&nbsp;im feierlichen Rahmen des Wiener Schottenstifts das&nbsp;PILGRIM-Zertifikat. Dieses internationale Bildungsnetzwerk verbindet Spiritualit\u00e4t mit Nachhaltigkeit und zeichnet Bildungseinrichtungen aus, die sich aktiv f\u00fcr soziale Gerechtigkeit und den Schutz der Umwelt einsetzen. Die Zertifizierung erfolgte aufgrund des Projekts&nbsp;\u201eDie Last der Stille\u201c&nbsp;von&nbsp;Prof. Mst. Doris Schwarz-K\u00f6nig&#8230;.<\/p>\n","protected":false},"author":1,"featured_media":991063,"comment_status":"closed","ping_status":"closed","sticky":false,"template":"","format":"standard","meta":{"footnotes":""},"categories":[43],"tags":[],"class_list":["post-991061","post","type-post","status-publish","format-standard","has-post-thumbnail","hentry","category-aktuelles"],"yoast_head":"<!-- This site is optimized with the Yoast SEO plugin v26.9 - https:\/\/yoast.com\/product\/yoast-seo-wordpress\/ -->\n<title>Pilgrim Zertifikat - Wirtschaftsschulen Franziskaner Amstetten<\/title>\n<meta name=\"robots\" content=\"index, follow, max-snippet:-1, max-image-preview:large, max-video-preview:-1\" \/>\n<link rel=\"canonical\" href=\"https:\/\/www.fwamstetten.ac.at\/pwa\/pilgrim-zertifikat\/\" \/>\n<meta property=\"og:locale\" content=\"de_DE\" \/>\n<meta property=\"og:type\" content=\"article\" \/>\n<meta property=\"og:title\" content=\"Pilgrim Zertifikat - Wirtschaftsschulen Franziskaner Amstetten\" \/>\n<meta property=\"og:description\" content=\"Private Wirtschaftsschulen Amstetten mit PILGRIM-Zertifikat ausgezeichnet Am 3. Juni 2025 erhielten die&nbsp;Privaten Wirtschaftsschulen Amstetten&nbsp;im feierlichen Rahmen des Wiener Schottenstifts das&nbsp;PILGRIM-Zertifikat. Dieses internationale Bildungsnetzwerk verbindet Spiritualit\u00e4t mit Nachhaltigkeit und zeichnet Bildungseinrichtungen aus, die sich aktiv f\u00fcr soziale Gerechtigkeit und den Schutz der Umwelt einsetzen. Die Zertifizierung erfolgte aufgrund des Projekts&nbsp;\u201eDie Last der Stille\u201c&nbsp;von&nbsp;Prof. Mst. Doris Schwarz-K\u00f6nig....\" \/>\n<meta property=\"og:url\" content=\"https:\/\/www.fwamstetten.ac.at\/pwa\/pilgrim-zertifikat\/\" \/>\n<meta property=\"og:site_name\" content=\"Wirtschaftsschulen Franziskaner Amstetten\" \/>\n<meta property=\"article:published_time\" content=\"2025-09-01T21:18:48+00:00\" \/>\n<meta property=\"article:modified_time\" content=\"2025-10-30T12:53:40+00:00\" \/>\n<meta property=\"og:image\" content=\"https:\/\/www.fwamstetten.ac.at\/pwa\/wp-content\/uploads\/2025\/10\/pilgrimzertifikat.webp\" \/>\n\t<meta property=\"og:image:width\" content=\"800\" \/>\n\t<meta property=\"og:image:height\" content=\"533\" \/>\n\t<meta property=\"og:image:type\" content=\"image\/jpeg\" \/>\n<meta name=\"author\" content=\"Joerg Bauer\" \/>\n<meta name=\"twitter:card\" content=\"summary_large_image\" \/>\n<meta name=\"twitter:label1\" content=\"Verfasst von\" \/>\n\t<meta name=\"twitter:data1\" content=\"Joerg Bauer\" \/>\n\t<meta name=\"twitter:label2\" content=\"Gesch\u00e4tzte Lesezeit\" \/>\n\t<meta name=\"twitter:data2\" content=\"2\u00a0Minuten\" \/>\n<script type=\"application\/ld+json\" class=\"yoast-schema-graph\">{\"@context\":\"https:\/\/schema.org\",\"@graph\":[{\"@type\":\"Article\",\"@id\":\"https:\/\/www.fwamstetten.ac.at\/pwa\/pilgrim-zertifikat\/#article\",\"isPartOf\":{\"@id\":\"https:\/\/www.fwamstetten.ac.at\/pwa\/pilgrim-zertifikat\/\"},\"author\":{\"name\":\"Joerg Bauer\",\"@id\":\"https:\/\/www.fwamstetten.ac.at\/pwa\/#\/schema\/person\/66f8cffb7abe387ae6017e4ebfc29a7b\"},\"headline\":\"Pilgrim Zertifikat\",\"datePublished\":\"2025-09-01T21:18:48+00:00\",\"dateModified\":\"2025-10-30T12:53:40+00:00\",\"mainEntityOfPage\":{\"@id\":\"https:\/\/www.fwamstetten.ac.at\/pwa\/pilgrim-zertifikat\/\"},\"wordCount\":297,\"publisher\":{\"@id\":\"https:\/\/www.fwamstetten.ac.at\/pwa\/#organization\"},\"image\":{\"@id\":\"https:\/\/www.fwamstetten.ac.at\/pwa\/pilgrim-zertifikat\/#primaryimage\"},\"thumbnailUrl\":\"https:\/\/www.fwamstetten.ac.at\/pwa\/wp-content\/uploads\/2025\/10\/pilgrimzertifikat.webp\",\"articleSection\":[\"Aktuelles\"],\"inLanguage\":\"de\"},{\"@type\":\"WebPage\",\"@id\":\"https:\/\/www.fwamstetten.ac.at\/pwa\/pilgrim-zertifikat\/\",\"url\":\"https:\/\/www.fwamstetten.ac.at\/pwa\/pilgrim-zertifikat\/\",\"name\":\"Pilgrim Zertifikat - Wirtschaftsschulen Franziskaner Amstetten\",\"isPartOf\":{\"@id\":\"https:\/\/www.fwamstetten.ac.at\/pwa\/#website\"},\"primaryImageOfPage\":{\"@id\":\"https:\/\/www.fwamstetten.ac.at\/pwa\/pilgrim-zertifikat\/#primaryimage\"},\"image\":{\"@id\":\"https:\/\/www.fwamstetten.ac.at\/pwa\/pilgrim-zertifikat\/#primaryimage\"},\"thumbnailUrl\":\"https:\/\/www.fwamstetten.ac.at\/pwa\/wp-content\/uploads\/2025\/10\/pilgrimzertifikat.webp\",\"datePublished\":\"2025-09-01T21:18:48+00:00\",\"dateModified\":\"2025-10-30T12:53:40+00:00\",\"breadcrumb\":{\"@id\":\"https:\/\/www.fwamstetten.ac.at\/pwa\/pilgrim-zertifikat\/#breadcrumb\"},\"inLanguage\":\"de\",\"potentialAction\":[{\"@type\":\"ReadAction\",\"target\":[\"https:\/\/www.fwamstetten.ac.at\/pwa\/pilgrim-zertifikat\/\"]}]},{\"@type\":\"ImageObject\",\"inLanguage\":\"de\",\"@id\":\"https:\/\/www.fwamstetten.ac.at\/pwa\/pilgrim-zertifikat\/#primaryimage\",\"url\":\"https:\/\/www.fwamstetten.ac.at\/pwa\/wp-content\/uploads\/2025\/10\/pilgrimzertifikat.webp\",\"contentUrl\":\"https:\/\/www.fwamstetten.ac.at\/pwa\/wp-content\/uploads\/2025\/10\/pilgrimzertifikat.webp\",\"width\":800,\"height\":533,\"caption\":\"Pilgrim\"},{\"@type\":\"BreadcrumbList\",\"@id\":\"https:\/\/www.fwamstetten.ac.at\/pwa\/pilgrim-zertifikat\/#breadcrumb\",\"itemListElement\":[{\"@type\":\"ListItem\",\"position\":1,\"name\":\"Home\",\"item\":\"https:\/\/www.fwamstetten.ac.at\/pwa\/\"},{\"@type\":\"ListItem\",\"position\":2,\"name\":\"Pilgrim Zertifikat\"}]},{\"@type\":\"WebSite\",\"@id\":\"https:\/\/www.fwamstetten.ac.at\/pwa\/#website\",\"url\":\"https:\/\/www.fwamstetten.ac.at\/pwa\/\",\"name\":\"Wirtschaftsschulen Franziskaner Amstetten\",\"description\":\"Wir schaffen Perspektiven\",\"publisher\":{\"@id\":\"https:\/\/www.fwamstetten.ac.at\/pwa\/#organization\"},\"potentialAction\":[{\"@type\":\"SearchAction\",\"target\":{\"@type\":\"EntryPoint\",\"urlTemplate\":\"https:\/\/www.fwamstetten.ac.at\/pwa\/?s={search_term_string}\"},\"query-input\":{\"@type\":\"PropertyValueSpecification\",\"valueRequired\":true,\"valueName\":\"search_term_string\"}}],\"inLanguage\":\"de\"},{\"@type\":\"Organization\",\"@id\":\"https:\/\/www.fwamstetten.ac.at\/pwa\/#organization\",\"name\":\"Wirtschaftsschulen Franziskaner Amstetten\",\"url\":\"https:\/\/www.fwamstetten.ac.at\/pwa\/\",\"logo\":{\"@type\":\"ImageObject\",\"inLanguage\":\"de\",\"@id\":\"https:\/\/www.fwamstetten.ac.at\/pwa\/#\/schema\/logo\/image\/\",\"url\":\"https:\/\/www.fwamstetten.ac.at\/pwa\/wp-content\/uploads\/2020\/02\/Logo_Private_Wirtschaftsschulen_Amstetten_Final.png\",\"contentUrl\":\"https:\/\/www.fwamstetten.ac.at\/pwa\/wp-content\/uploads\/2020\/02\/Logo_Private_Wirtschaftsschulen_Amstetten_Final.png\",\"width\":1342,\"height\":550,\"caption\":\"Wirtschaftsschulen Franziskaner Amstetten\"},\"image\":{\"@id\":\"https:\/\/www.fwamstetten.ac.at\/pwa\/#\/schema\/logo\/image\/\"}},{\"@type\":\"Person\",\"@id\":\"https:\/\/www.fwamstetten.ac.at\/pwa\/#\/schema\/person\/66f8cffb7abe387ae6017e4ebfc29a7b\",\"name\":\"Joerg Bauer\",\"image\":{\"@type\":\"ImageObject\",\"inLanguage\":\"de\",\"@id\":\"https:\/\/www.fwamstetten.ac.at\/pwa\/#\/schema\/person\/image\/\",\"url\":\"https:\/\/secure.gravatar.com\/avatar\/1bda57bf61e72e0a6c843c3df4f26231d205bcaa852868455b15453e05d24f62?s=96&d=mm&r=g\",\"contentUrl\":\"https:\/\/secure.gravatar.com\/avatar\/1bda57bf61e72e0a6c843c3df4f26231d205bcaa852868455b15453e05d24f62?s=96&d=mm&r=g\",\"caption\":\"Joerg Bauer\"},\"sameAs\":[\"https:\/\/mpmedia.at\/franziskaner\"],\"url\":\"https:\/\/www.fwamstetten.ac.at\/pwa\/author\/joerg-bauer\/\"}]}<\/script>\n<!-- \/ Yoast SEO plugin. -->","yoast_head_json":{"title":"Pilgrim Zertifikat - Wirtschaftsschulen Franziskaner Amstetten","robots":{"index":"index","follow":"follow","max-snippet":"max-snippet:-1","max-image-preview":"max-image-preview:large","max-video-preview":"max-video-preview:-1"},"canonical":"https:\/\/www.fwamstetten.ac.at\/pwa\/pilgrim-zertifikat\/","og_locale":"de_DE","og_type":"article","og_title":"Pilgrim Zertifikat - Wirtschaftsschulen Franziskaner Amstetten","og_description":"Private Wirtschaftsschulen Amstetten mit PILGRIM-Zertifikat ausgezeichnet Am 3. Juni 2025 erhielten die&nbsp;Privaten Wirtschaftsschulen Amstetten&nbsp;im feierlichen Rahmen des Wiener Schottenstifts das&nbsp;PILGRIM-Zertifikat. Dieses internationale Bildungsnetzwerk verbindet Spiritualit\u00e4t mit Nachhaltigkeit und zeichnet Bildungseinrichtungen aus, die sich aktiv f\u00fcr soziale Gerechtigkeit und den Schutz der Umwelt einsetzen. Die Zertifizierung erfolgte aufgrund des Projekts&nbsp;\u201eDie Last der Stille\u201c&nbsp;von&nbsp;Prof. Mst. Doris Schwarz-K\u00f6nig....","og_url":"https:\/\/www.fwamstetten.ac.at\/pwa\/pilgrim-zertifikat\/","og_site_name":"Wirtschaftsschulen Franziskaner Amstetten","article_published_time":"2025-09-01T21:18:48+00:00","article_modified_time":"2025-10-30T12:53:40+00:00","og_image":[{"width":800,"height":533,"url":"https:\/\/www.fwamstetten.ac.at\/pwa\/wp-content\/uploads\/2025\/10\/pilgrimzertifikat.webp","type":"image\/jpeg"}],"author":"Joerg Bauer","twitter_card":"summary_large_image","twitter_misc":{"Verfasst von":"Joerg Bauer","Gesch\u00e4tzte Lesezeit":"2\u00a0Minuten"},"schema":{"@context":"https:\/\/schema.org","@graph":[{"@type":"Article","@id":"https:\/\/www.fwamstetten.ac.at\/pwa\/pilgrim-zertifikat\/#article","isPartOf":{"@id":"https:\/\/www.fwamstetten.ac.at\/pwa\/pilgrim-zertifikat\/"},"author":{"name":"Joerg Bauer","@id":"https:\/\/www.fwamstetten.ac.at\/pwa\/#\/schema\/person\/66f8cffb7abe387ae6017e4ebfc29a7b"},"headline":"Pilgrim Zertifikat","datePublished":"2025-09-01T21:18:48+00:00","dateModified":"2025-10-30T12:53:40+00:00","mainEntityOfPage":{"@id":"https:\/\/www.fwamstetten.ac.at\/pwa\/pilgrim-zertifikat\/"},"wordCount":297,"publisher":{"@id":"https:\/\/www.fwamstetten.ac.at\/pwa\/#organization"},"image":{"@id":"https:\/\/www.fwamstetten.ac.at\/pwa\/pilgrim-zertifikat\/#primaryimage"},"thumbnailUrl":"https:\/\/www.fwamstetten.ac.at\/pwa\/wp-content\/uploads\/2025\/10\/pilgrimzertifikat.webp","articleSection":["Aktuelles"],"inLanguage":"de"},{"@type":"WebPage","@id":"https:\/\/www.fwamstetten.ac.at\/pwa\/pilgrim-zertifikat\/","url":"https:\/\/www.fwamstetten.ac.at\/pwa\/pilgrim-zertifikat\/","name":"Pilgrim Zertifikat - Wirtschaftsschulen Franziskaner Amstetten","isPartOf":{"@id":"https:\/\/www.fwamstetten.ac.at\/pwa\/#website"},"primaryImageOfPage":{"@id":"https:\/\/www.fwamstetten.ac.at\/pwa\/pilgrim-zertifikat\/#primaryimage"},"image":{"@id":"https:\/\/www.fwamstetten.ac.at\/pwa\/pilgrim-zertifikat\/#primaryimage"},"thumbnailUrl":"https:\/\/www.fwamstetten.ac.at\/pwa\/wp-content\/uploads\/2025\/10\/pilgrimzertifikat.webp","datePublished":"2025-09-01T21:18:48+00:00","dateModified":"2025-10-30T12:53:40+00:00","breadcrumb":{"@id":"https:\/\/www.fwamstetten.ac.at\/pwa\/pilgrim-zertifikat\/#breadcrumb"},"inLanguage":"de","potentialAction":[{"@type":"ReadAction","target":["https:\/\/www.fwamstetten.ac.at\/pwa\/pilgrim-zertifikat\/"]}]},{"@type":"ImageObject","inLanguage":"de","@id":"https:\/\/www.fwamstetten.ac.at\/pwa\/pilgrim-zertifikat\/#primaryimage","url":"https:\/\/www.fwamstetten.ac.at\/pwa\/wp-content\/uploads\/2025\/10\/pilgrimzertifikat.webp","contentUrl":"https:\/\/www.fwamstetten.ac.at\/pwa\/wp-content\/uploads\/2025\/10\/pilgrimzertifikat.webp","width":800,"height":533,"caption":"Pilgrim"},{"@type":"BreadcrumbList","@id":"https:\/\/www.fwamstetten.ac.at\/pwa\/pilgrim-zertifikat\/#breadcrumb","itemListElement":[{"@type":"ListItem","position":1,"name":"Home","item":"https:\/\/www.fwamstetten.ac.at\/pwa\/"},{"@type":"ListItem","position":2,"name":"Pilgrim Zertifikat"}]},{"@type":"WebSite","@id":"https:\/\/www.fwamstetten.ac.at\/pwa\/#website","url":"https:\/\/www.fwamstetten.ac.at\/pwa\/","name":"Wirtschaftsschulen Franziskaner Amstetten","description":"Wir schaffen Perspektiven","publisher":{"@id":"https:\/\/www.fwamstetten.ac.at\/pwa\/#organization"},"potentialAction":[{"@type":"SearchAction","target":{"@type":"EntryPoint","urlTemplate":"https:\/\/www.fwamstetten.ac.at\/pwa\/?s={search_term_string}"},"query-input":{"@type":"PropertyValueSpecification","valueRequired":true,"valueName":"search_term_string"}}],"inLanguage":"de"},{"@type":"Organization","@id":"https:\/\/www.fwamstetten.ac.at\/pwa\/#organization","name":"Wirtschaftsschulen Franziskaner Amstetten","url":"https:\/\/www.fwamstetten.ac.at\/pwa\/","logo":{"@type":"ImageObject","inLanguage":"de","@id":"https:\/\/www.fwamstetten.ac.at\/pwa\/#\/schema\/logo\/image\/","url":"https:\/\/www.fwamstetten.ac.at\/pwa\/wp-content\/uploads\/2020\/02\/Logo_Private_Wirtschaftsschulen_Amstetten_Final.png","contentUrl":"https:\/\/www.fwamstetten.ac.at\/pwa\/wp-content\/uploads\/2020\/02\/Logo_Private_Wirtschaftsschulen_Amstetten_Final.png","width":1342,"height":550,"caption":"Wirtschaftsschulen Franziskaner Amstetten"},"image":{"@id":"https:\/\/www.fwamstetten.ac.at\/pwa\/#\/schema\/logo\/image\/"}},{"@type":"Person","@id":"https:\/\/www.fwamstetten.ac.at\/pwa\/#\/schema\/person\/66f8cffb7abe387ae6017e4ebfc29a7b","name":"Joerg Bauer","image":{"@type":"ImageObject","inLanguage":"de","@id":"https:\/\/www.fwamstetten.ac.at\/pwa\/#\/schema\/person\/image\/","url":"https:\/\/secure.gravatar.com\/avatar\/1bda57bf61e72e0a6c843c3df4f26231d205bcaa852868455b15453e05d24f62?s=96&d=mm&r=g","contentUrl":"https:\/\/secure.gravatar.com\/avatar\/1bda57bf61e72e0a6c843c3df4f26231d205bcaa852868455b15453e05d24f62?s=96&d=mm&r=g","caption":"Joerg Bauer"},"sameAs":["https:\/\/mpmedia.at\/franziskaner"],"url":"https:\/\/www.fwamstetten.ac.at\/pwa\/author\/joerg-bauer\/"}]}},"_links":{"self":[{"href":"https:\/\/www.fwamstetten.ac.at\/pwa\/wp-json\/wp\/v2\/posts\/991061","targetHints":{"allow":["GET"]}}],"collection":[{"href":"https:\/\/www.fwamstetten.ac.at\/pwa\/wp-json\/wp\/v2\/posts"}],"about":[{"href":"https:\/\/www.fwamstetten.ac.at\/pwa\/wp-json\/wp\/v2\/types\/post"}],"author":[{"embeddable":true,"href":"https:\/\/www.fwamstetten.ac.at\/pwa\/wp-json\/wp\/v2\/users\/1"}],"replies":[{"embeddable":true,"href":"https:\/\/www.fwamstetten.ac.at\/pwa\/wp-json\/wp\/v2\/comments?post=991061"}],"version-history":[{"count":2,"href":"https:\/\/www.fwamstetten.ac.at\/pwa\/wp-json\/wp\/v2\/posts\/991061\/revisions"}],"predecessor-version":[{"id":991064,"href":"https:\/\/www.fwamstetten.ac.at\/pwa\/wp-json\/wp\/v2\/posts\/991061\/revisions\/991064"}],"wp:featuredmedia":[{"embeddable":true,"href":"https:\/\/www.fwamstetten.ac.at\/pwa\/wp-json\/wp\/v2\/media\/991063"}],"wp:attachment":[{"href":"https:\/\/www.fwamstetten.ac.at\/pwa\/wp-json\/wp\/v2\/media?parent=991061"}],"wp:term":[{"taxonomy":"category","embeddable":true,"href":"https:\/\/www.fwamstetten.ac.at\/pwa\/wp-json\/wp\/v2\/categories?post=991061"},{"taxonomy":"post_tag","embeddable":true,"href":"https:\/\/www.fwamstetten.ac.at\/pwa\/wp-json\/wp\/v2\/tags?post=991061"}],"curies":[{"name":"wp","href":"https:\/\/api.w.org\/{rel}","templated":true}]}}