{"id":991070,"date":"2025-06-26T23:21:14","date_gmt":"2025-06-26T21:21:14","guid":{"rendered":"https:\/\/mpmedia.at\/franziskaner\/?p=991070"},"modified":"2025-10-30T13:53:40","modified_gmt":"2025-10-30T12:53:40","slug":"pitchwettbewerb-2hlw","status":"publish","type":"post","link":"https:\/\/www.fwamstetten.ac.at\/pwa\/pitchwettbewerb-2hlw\/","title":{"rendered":"Pitchwettbewerb 2HLW"},"content":{"rendered":"<div class=\"vgblk-rw-wrapper limit-wrapper\">\n<p>Heute fand an unserer Schule eine besondere Veranstaltung statt: Die 2. HLW-Klasse organisierte einen inspirierenden Pitchwettbewerb zur Neugestaltung des Aufenthaltsraumes im 2. Obergeschoss.<\/p>\n\n\n\n<p>Drei kreative Gruppen traten mit ihren durchdachten Konzepten gegeneinander an und pr\u00e4sentierten der Schulgemeinschaft ihre Entw\u00fcrfe. Alle Ideen zeugten von gro\u00dfem Engagement, Kreativit\u00e4t und einem starken Gesp\u00fcr f\u00fcr die Bed\u00fcrfnisse unserer Schulgemeinschaft.<\/p>\n\n\n\n<p>Nach spannenden Pr\u00e4sentationen durften alle Anwesenden abstimmen \u2013 und die Gruppe 3 konnte sich mit ihrem \u00fcberzeugenden Konzept durchsetzen. Ihr Entwurf verbindet Gem\u00fctlichkeit mit Funktionalit\u00e4t und besticht durch ein modernes Farbkonzept in Schwarz, Gr\u00fcn und Gold.<\/p>\n\n\n\n<p>Wir gratulieren der Siegergruppe ganz herzlich und freuen uns schon jetzt auf die Umsetzung ihres innovativen Raumkonzepts!<\/p>\n\n\n\n<p>Doris Schwarz-K\u00f6nig<\/p>\n<\/div><!-- .vgblk-rw-wrapper -->","protected":false},"excerpt":{"rendered":"<p>Heute fand an unserer Schule eine besondere Veranstaltung statt: Die 2. HLW-Klasse organisierte einen inspirierenden Pitchwettbewerb zur Neugestaltung des Aufenthaltsraumes im 2. Obergeschoss. Drei kreative Gruppen traten mit ihren durchdachten Konzepten gegeneinander an und pr\u00e4sentierten der Schulgemeinschaft ihre Entw\u00fcrfe. Alle Ideen zeugten von gro\u00dfem Engagement, Kreativit\u00e4t und einem starken Gesp\u00fcr f\u00fcr die Bed\u00fcrfnisse unserer Schulgemeinschaft&#8230;.<\/p>\n","protected":false},"author":1,"featured_media":991072,"comment_status":"closed","ping_status":"closed","sticky":false,"template":"","format":"standard","meta":{"footnotes":""},"categories":[43],"tags":[],"class_list":["post-991070","post","type-post","status-publish","format-standard","has-post-thumbnail","hentry","category-aktuelles"],"yoast_head":"<!-- This site is optimized with the Yoast SEO plugin v26.9 - https:\/\/yoast.com\/product\/yoast-seo-wordpress\/ -->\n<title>Pitchwettbewerb 2HLW - Wirtschaftsschulen Franziskaner Amstetten<\/title>\n<meta name=\"robots\" content=\"index, follow, max-snippet:-1, max-image-preview:large, max-video-preview:-1\" \/>\n<link rel=\"canonical\" href=\"https:\/\/www.fwamstetten.ac.at\/pwa\/pitchwettbewerb-2hlw\/\" \/>\n<meta property=\"og:locale\" content=\"de_DE\" \/>\n<meta property=\"og:type\" content=\"article\" \/>\n<meta property=\"og:title\" content=\"Pitchwettbewerb 2HLW - Wirtschaftsschulen Franziskaner Amstetten\" \/>\n<meta property=\"og:description\" content=\"Heute fand an unserer Schule eine besondere Veranstaltung statt: Die 2. HLW-Klasse organisierte einen inspirierenden Pitchwettbewerb zur Neugestaltung des Aufenthaltsraumes im 2. Obergeschoss. Drei kreative Gruppen traten mit ihren durchdachten Konzepten gegeneinander an und pr\u00e4sentierten der Schulgemeinschaft ihre Entw\u00fcrfe. Alle Ideen zeugten von gro\u00dfem Engagement, Kreativit\u00e4t und einem starken Gesp\u00fcr f\u00fcr die Bed\u00fcrfnisse unserer Schulgemeinschaft....\" \/>\n<meta property=\"og:url\" content=\"https:\/\/www.fwamstetten.ac.at\/pwa\/pitchwettbewerb-2hlw\/\" \/>\n<meta property=\"og:site_name\" content=\"Wirtschaftsschulen Franziskaner Amstetten\" \/>\n<meta property=\"article:published_time\" content=\"2025-06-26T21:21:14+00:00\" \/>\n<meta property=\"article:modified_time\" content=\"2025-10-30T12:53:40+00:00\" \/>\n<meta property=\"og:image\" content=\"https:\/\/www.fwamstetten.ac.at\/pwa\/wp-content\/uploads\/2025\/10\/pitsch1.webp\" \/>\n\t<meta property=\"og:image:width\" content=\"800\" \/>\n\t<meta property=\"og:image:height\" content=\"534\" \/>\n\t<meta property=\"og:image:type\" content=\"image\/jpeg\" \/>\n<meta name=\"author\" content=\"Joerg Bauer\" \/>\n<meta name=\"twitter:card\" content=\"summary_large_image\" \/>\n<meta name=\"twitter:label1\" content=\"Verfasst von\" \/>\n\t<meta name=\"twitter:data1\" content=\"Joerg Bauer\" \/>\n\t<meta name=\"twitter:label2\" content=\"Gesch\u00e4tzte Lesezeit\" \/>\n\t<meta name=\"twitter:data2\" content=\"1\u00a0Minute\" \/>\n<script type=\"application\/ld+json\" class=\"yoast-schema-graph\">{\"@context\":\"https:\/\/schema.org\",\"@graph\":[{\"@type\":\"Article\",\"@id\":\"https:\/\/www.fwamstetten.ac.at\/pwa\/pitchwettbewerb-2hlw\/#article\",\"isPartOf\":{\"@id\":\"https:\/\/www.fwamstetten.ac.at\/pwa\/pitchwettbewerb-2hlw\/\"},\"author\":{\"name\":\"Joerg Bauer\",\"@id\":\"https:\/\/www.fwamstetten.ac.at\/pwa\/#\/schema\/person\/66f8cffb7abe387ae6017e4ebfc29a7b\"},\"headline\":\"Pitchwettbewerb 2HLW\",\"datePublished\":\"2025-06-26T21:21:14+00:00\",\"dateModified\":\"2025-10-30T12:53:40+00:00\",\"mainEntityOfPage\":{\"@id\":\"https:\/\/www.fwamstetten.ac.at\/pwa\/pitchwettbewerb-2hlw\/\"},\"wordCount\":120,\"publisher\":{\"@id\":\"https:\/\/www.fwamstetten.ac.at\/pwa\/#organization\"},\"image\":{\"@id\":\"https:\/\/www.fwamstetten.ac.at\/pwa\/pitchwettbewerb-2hlw\/#primaryimage\"},\"thumbnailUrl\":\"https:\/\/www.fwamstetten.ac.at\/pwa\/wp-content\/uploads\/2025\/10\/pitsch1.webp\",\"articleSection\":[\"Aktuelles\"],\"inLanguage\":\"de\"},{\"@type\":\"WebPage\",\"@id\":\"https:\/\/www.fwamstetten.ac.at\/pwa\/pitchwettbewerb-2hlw\/\",\"url\":\"https:\/\/www.fwamstetten.ac.at\/pwa\/pitchwettbewerb-2hlw\/\",\"name\":\"Pitchwettbewerb 2HLW - Wirtschaftsschulen Franziskaner Amstetten\",\"isPartOf\":{\"@id\":\"https:\/\/www.fwamstetten.ac.at\/pwa\/#website\"},\"primaryImageOfPage\":{\"@id\":\"https:\/\/www.fwamstetten.ac.at\/pwa\/pitchwettbewerb-2hlw\/#primaryimage\"},\"image\":{\"@id\":\"https:\/\/www.fwamstetten.ac.at\/pwa\/pitchwettbewerb-2hlw\/#primaryimage\"},\"thumbnailUrl\":\"https:\/\/www.fwamstetten.ac.at\/pwa\/wp-content\/uploads\/2025\/10\/pitsch1.webp\",\"datePublished\":\"2025-06-26T21:21:14+00:00\",\"dateModified\":\"2025-10-30T12:53:40+00:00\",\"breadcrumb\":{\"@id\":\"https:\/\/www.fwamstetten.ac.at\/pwa\/pitchwettbewerb-2hlw\/#breadcrumb\"},\"inLanguage\":\"de\",\"potentialAction\":[{\"@type\":\"ReadAction\",\"target\":[\"https:\/\/www.fwamstetten.ac.at\/pwa\/pitchwettbewerb-2hlw\/\"]}]},{\"@type\":\"ImageObject\",\"inLanguage\":\"de\",\"@id\":\"https:\/\/www.fwamstetten.ac.at\/pwa\/pitchwettbewerb-2hlw\/#primaryimage\",\"url\":\"https:\/\/www.fwamstetten.ac.at\/pwa\/wp-content\/uploads\/2025\/10\/pitsch1.webp\",\"contentUrl\":\"https:\/\/www.fwamstetten.ac.at\/pwa\/wp-content\/uploads\/2025\/10\/pitsch1.webp\",\"width\":800,\"height\":534},{\"@type\":\"BreadcrumbList\",\"@id\":\"https:\/\/www.fwamstetten.ac.at\/pwa\/pitchwettbewerb-2hlw\/#breadcrumb\",\"itemListElement\":[{\"@type\":\"ListItem\",\"position\":1,\"name\":\"Home\",\"item\":\"https:\/\/www.fwamstetten.ac.at\/pwa\/\"},{\"@type\":\"ListItem\",\"position\":2,\"name\":\"Pitchwettbewerb 2HLW\"}]},{\"@type\":\"WebSite\",\"@id\":\"https:\/\/www.fwamstetten.ac.at\/pwa\/#website\",\"url\":\"https:\/\/www.fwamstetten.ac.at\/pwa\/\",\"name\":\"Wirtschaftsschulen Franziskaner Amstetten\",\"description\":\"Wir schaffen Perspektiven\",\"publisher\":{\"@id\":\"https:\/\/www.fwamstetten.ac.at\/pwa\/#organization\"},\"potentialAction\":[{\"@type\":\"SearchAction\",\"target\":{\"@type\":\"EntryPoint\",\"urlTemplate\":\"https:\/\/www.fwamstetten.ac.at\/pwa\/?s={search_term_string}\"},\"query-input\":{\"@type\":\"PropertyValueSpecification\",\"valueRequired\":true,\"valueName\":\"search_term_string\"}}],\"inLanguage\":\"de\"},{\"@type\":\"Organization\",\"@id\":\"https:\/\/www.fwamstetten.ac.at\/pwa\/#organization\",\"name\":\"Wirtschaftsschulen Franziskaner Amstetten\",\"url\":\"https:\/\/www.fwamstetten.ac.at\/pwa\/\",\"logo\":{\"@type\":\"ImageObject\",\"inLanguage\":\"de\",\"@id\":\"https:\/\/www.fwamstetten.ac.at\/pwa\/#\/schema\/logo\/image\/\",\"url\":\"https:\/\/www.fwamstetten.ac.at\/pwa\/wp-content\/uploads\/2020\/02\/Logo_Private_Wirtschaftsschulen_Amstetten_Final.png\",\"contentUrl\":\"https:\/\/www.fwamstetten.ac.at\/pwa\/wp-content\/uploads\/2020\/02\/Logo_Private_Wirtschaftsschulen_Amstetten_Final.png\",\"width\":1342,\"height\":550,\"caption\":\"Wirtschaftsschulen Franziskaner Amstetten\"},\"image\":{\"@id\":\"https:\/\/www.fwamstetten.ac.at\/pwa\/#\/schema\/logo\/image\/\"}},{\"@type\":\"Person\",\"@id\":\"https:\/\/www.fwamstetten.ac.at\/pwa\/#\/schema\/person\/66f8cffb7abe387ae6017e4ebfc29a7b\",\"name\":\"Joerg Bauer\",\"image\":{\"@type\":\"ImageObject\",\"inLanguage\":\"de\",\"@id\":\"https:\/\/www.fwamstetten.ac.at\/pwa\/#\/schema\/person\/image\/\",\"url\":\"https:\/\/secure.gravatar.com\/avatar\/1bda57bf61e72e0a6c843c3df4f26231d205bcaa852868455b15453e05d24f62?s=96&d=mm&r=g\",\"contentUrl\":\"https:\/\/secure.gravatar.com\/avatar\/1bda57bf61e72e0a6c843c3df4f26231d205bcaa852868455b15453e05d24f62?s=96&d=mm&r=g\",\"caption\":\"Joerg Bauer\"},\"sameAs\":[\"https:\/\/mpmedia.at\/franziskaner\"],\"url\":\"https:\/\/www.fwamstetten.ac.at\/pwa\/author\/joerg-bauer\/\"}]}<\/script>\n<!-- \/ Yoast SEO plugin. -->","yoast_head_json":{"title":"Pitchwettbewerb 2HLW - Wirtschaftsschulen Franziskaner Amstetten","robots":{"index":"index","follow":"follow","max-snippet":"max-snippet:-1","max-image-preview":"max-image-preview:large","max-video-preview":"max-video-preview:-1"},"canonical":"https:\/\/www.fwamstetten.ac.at\/pwa\/pitchwettbewerb-2hlw\/","og_locale":"de_DE","og_type":"article","og_title":"Pitchwettbewerb 2HLW - Wirtschaftsschulen Franziskaner Amstetten","og_description":"Heute fand an unserer Schule eine besondere Veranstaltung statt: Die 2. HLW-Klasse organisierte einen inspirierenden Pitchwettbewerb zur Neugestaltung des Aufenthaltsraumes im 2. Obergeschoss. Drei kreative Gruppen traten mit ihren durchdachten Konzepten gegeneinander an und pr\u00e4sentierten der Schulgemeinschaft ihre Entw\u00fcrfe. Alle Ideen zeugten von gro\u00dfem Engagement, Kreativit\u00e4t und einem starken Gesp\u00fcr f\u00fcr die Bed\u00fcrfnisse unserer Schulgemeinschaft....","og_url":"https:\/\/www.fwamstetten.ac.at\/pwa\/pitchwettbewerb-2hlw\/","og_site_name":"Wirtschaftsschulen Franziskaner Amstetten","article_published_time":"2025-06-26T21:21:14+00:00","article_modified_time":"2025-10-30T12:53:40+00:00","og_image":[{"width":800,"height":534,"url":"https:\/\/www.fwamstetten.ac.at\/pwa\/wp-content\/uploads\/2025\/10\/pitsch1.webp","type":"image\/jpeg"}],"author":"Joerg Bauer","twitter_card":"summary_large_image","twitter_misc":{"Verfasst von":"Joerg Bauer","Gesch\u00e4tzte Lesezeit":"1\u00a0Minute"},"schema":{"@context":"https:\/\/schema.org","@graph":[{"@type":"Article","@id":"https:\/\/www.fwamstetten.ac.at\/pwa\/pitchwettbewerb-2hlw\/#article","isPartOf":{"@id":"https:\/\/www.fwamstetten.ac.at\/pwa\/pitchwettbewerb-2hlw\/"},"author":{"name":"Joerg Bauer","@id":"https:\/\/www.fwamstetten.ac.at\/pwa\/#\/schema\/person\/66f8cffb7abe387ae6017e4ebfc29a7b"},"headline":"Pitchwettbewerb 2HLW","datePublished":"2025-06-26T21:21:14+00:00","dateModified":"2025-10-30T12:53:40+00:00","mainEntityOfPage":{"@id":"https:\/\/www.fwamstetten.ac.at\/pwa\/pitchwettbewerb-2hlw\/"},"wordCount":120,"publisher":{"@id":"https:\/\/www.fwamstetten.ac.at\/pwa\/#organization"},"image":{"@id":"https:\/\/www.fwamstetten.ac.at\/pwa\/pitchwettbewerb-2hlw\/#primaryimage"},"thumbnailUrl":"https:\/\/www.fwamstetten.ac.at\/pwa\/wp-content\/uploads\/2025\/10\/pitsch1.webp","articleSection":["Aktuelles"],"inLanguage":"de"},{"@type":"WebPage","@id":"https:\/\/www.fwamstetten.ac.at\/pwa\/pitchwettbewerb-2hlw\/","url":"https:\/\/www.fwamstetten.ac.at\/pwa\/pitchwettbewerb-2hlw\/","name":"Pitchwettbewerb 2HLW - Wirtschaftsschulen Franziskaner Amstetten","isPartOf":{"@id":"https:\/\/www.fwamstetten.ac.at\/pwa\/#website"},"primaryImageOfPage":{"@id":"https:\/\/www.fwamstetten.ac.at\/pwa\/pitchwettbewerb-2hlw\/#primaryimage"},"image":{"@id":"https:\/\/www.fwamstetten.ac.at\/pwa\/pitchwettbewerb-2hlw\/#primaryimage"},"thumbnailUrl":"https:\/\/www.fwamstetten.ac.at\/pwa\/wp-content\/uploads\/2025\/10\/pitsch1.webp","datePublished":"2025-06-26T21:21:14+00:00","dateModified":"2025-10-30T12:53:40+00:00","breadcrumb":{"@id":"https:\/\/www.fwamstetten.ac.at\/pwa\/pitchwettbewerb-2hlw\/#breadcrumb"},"inLanguage":"de","potentialAction":[{"@type":"ReadAction","target":["https:\/\/www.fwamstetten.ac.at\/pwa\/pitchwettbewerb-2hlw\/"]}]},{"@type":"ImageObject","inLanguage":"de","@id":"https:\/\/www.fwamstetten.ac.at\/pwa\/pitchwettbewerb-2hlw\/#primaryimage","url":"https:\/\/www.fwamstetten.ac.at\/pwa\/wp-content\/uploads\/2025\/10\/pitsch1.webp","contentUrl":"https:\/\/www.fwamstetten.ac.at\/pwa\/wp-content\/uploads\/2025\/10\/pitsch1.webp","width":800,"height":534},{"@type":"BreadcrumbList","@id":"https:\/\/www.fwamstetten.ac.at\/pwa\/pitchwettbewerb-2hlw\/#breadcrumb","itemListElement":[{"@type":"ListItem","position":1,"name":"Home","item":"https:\/\/www.fwamstetten.ac.at\/pwa\/"},{"@type":"ListItem","position":2,"name":"Pitchwettbewerb 2HLW"}]},{"@type":"WebSite","@id":"https:\/\/www.fwamstetten.ac.at\/pwa\/#website","url":"https:\/\/www.fwamstetten.ac.at\/pwa\/","name":"Wirtschaftsschulen Franziskaner Amstetten","description":"Wir schaffen Perspektiven","publisher":{"@id":"https:\/\/www.fwamstetten.ac.at\/pwa\/#organization"},"potentialAction":[{"@type":"SearchAction","target":{"@type":"EntryPoint","urlTemplate":"https:\/\/www.fwamstetten.ac.at\/pwa\/?s={search_term_string}"},"query-input":{"@type":"PropertyValueSpecification","valueRequired":true,"valueName":"search_term_string"}}],"inLanguage":"de"},{"@type":"Organization","@id":"https:\/\/www.fwamstetten.ac.at\/pwa\/#organization","name":"Wirtschaftsschulen Franziskaner Amstetten","url":"https:\/\/www.fwamstetten.ac.at\/pwa\/","logo":{"@type":"ImageObject","inLanguage":"de","@id":"https:\/\/www.fwamstetten.ac.at\/pwa\/#\/schema\/logo\/image\/","url":"https:\/\/www.fwamstetten.ac.at\/pwa\/wp-content\/uploads\/2020\/02\/Logo_Private_Wirtschaftsschulen_Amstetten_Final.png","contentUrl":"https:\/\/www.fwamstetten.ac.at\/pwa\/wp-content\/uploads\/2020\/02\/Logo_Private_Wirtschaftsschulen_Amstetten_Final.png","width":1342,"height":550,"caption":"Wirtschaftsschulen Franziskaner Amstetten"},"image":{"@id":"https:\/\/www.fwamstetten.ac.at\/pwa\/#\/schema\/logo\/image\/"}},{"@type":"Person","@id":"https:\/\/www.fwamstetten.ac.at\/pwa\/#\/schema\/person\/66f8cffb7abe387ae6017e4ebfc29a7b","name":"Joerg Bauer","image":{"@type":"ImageObject","inLanguage":"de","@id":"https:\/\/www.fwamstetten.ac.at\/pwa\/#\/schema\/person\/image\/","url":"https:\/\/secure.gravatar.com\/avatar\/1bda57bf61e72e0a6c843c3df4f26231d205bcaa852868455b15453e05d24f62?s=96&d=mm&r=g","contentUrl":"https:\/\/secure.gravatar.com\/avatar\/1bda57bf61e72e0a6c843c3df4f26231d205bcaa852868455b15453e05d24f62?s=96&d=mm&r=g","caption":"Joerg Bauer"},"sameAs":["https:\/\/mpmedia.at\/franziskaner"],"url":"https:\/\/www.fwamstetten.ac.at\/pwa\/author\/joerg-bauer\/"}]}},"_links":{"self":[{"href":"https:\/\/www.fwamstetten.ac.at\/pwa\/wp-json\/wp\/v2\/posts\/991070","targetHints":{"allow":["GET"]}}],"collection":[{"href":"https:\/\/www.fwamstetten.ac.at\/pwa\/wp-json\/wp\/v2\/posts"}],"about":[{"href":"https:\/\/www.fwamstetten.ac.at\/pwa\/wp-json\/wp\/v2\/types\/post"}],"author":[{"embeddable":true,"href":"https:\/\/www.fwamstetten.ac.at\/pwa\/wp-json\/wp\/v2\/users\/1"}],"replies":[{"embeddable":true,"href":"https:\/\/www.fwamstetten.ac.at\/pwa\/wp-json\/wp\/v2\/comments?post=991070"}],"version-history":[{"count":2,"href":"https:\/\/www.fwamstetten.ac.at\/pwa\/wp-json\/wp\/v2\/posts\/991070\/revisions"}],"predecessor-version":[{"id":991073,"href":"https:\/\/www.fwamstetten.ac.at\/pwa\/wp-json\/wp\/v2\/posts\/991070\/revisions\/991073"}],"wp:featuredmedia":[{"embeddable":true,"href":"https:\/\/www.fwamstetten.ac.at\/pwa\/wp-json\/wp\/v2\/media\/991072"}],"wp:attachment":[{"href":"https:\/\/www.fwamstetten.ac.at\/pwa\/wp-json\/wp\/v2\/media?parent=991070"}],"wp:term":[{"taxonomy":"category","embeddable":true,"href":"https:\/\/www.fwamstetten.ac.at\/pwa\/wp-json\/wp\/v2\/categories?post=991070"},{"taxonomy":"post_tag","embeddable":true,"href":"https:\/\/www.fwamstetten.ac.at\/pwa\/wp-json\/wp\/v2\/tags?post=991070"}],"curies":[{"name":"wp","href":"https:\/\/api.w.org\/{rel}","templated":true}]}}